{"id":17592,"date":"2025-06-20T14:57:45","date_gmt":"2025-06-20T12:57:45","guid":{"rendered":"https:\/\/www.eapncv.org\/informat\/finalitza-la-primera-fase-dels-tallers-veus-actives-amb-la-participacio-de-mes-de-70-persones-a-valencia-castello-i-alacant\/"},"modified":"2025-09-10T12:16:07","modified_gmt":"2025-09-10T10:16:07","slug":"finalitza-la-primera-fase-dels-tallers-veus-actives-amb-la-participacio-de-mes-de-70-persones-a-valencia-castello-i-alacant","status":"publish","type":"post","link":"https:\/\/www.eapncv.org\/ca-val\/informat\/finalitza-la-primera-fase-dels-tallers-veus-actives-amb-la-participacio-de-mes-de-70-persones-a-valencia-castello-i-alacant\/","title":{"rendered":"Finalitza la primera fase dels tallers \u201cVeus actives\u201d amb la participaci\u00f3 de m\u00e9s de 70 persones a Val\u00e8ncia, Castell\u00f3 i Alacant"},"content":{"rendered":"<p data-start=\"600\" data-end=\"922\">Durant maig i juny, EAPN CV ha desenvolupat la primera fase del cicle de tallers<em data-start=\"716\" data-end=\"776\"> \u201cVeus actives en la defensa de drets i la inclusi\u00f3 social\u201d<\/em>, amb tres sessions provincials celebrades a <strong data-start=\"823\" data-end=\"855\">Val\u00e8ncia, Castell\u00f3 i Alacant, <\/strong>que han comptat amb la participaci\u00f3 de m\u00e9s de 7<strong data-start=\"906\" data-end=\"921\">0 persones.<\/strong><\/p>\n<p data-start=\"924\" data-end=\"1174\">Aquests espais han tingut com a objectiu <strong data-start=\"964\" data-end=\"1044\">enfortir la participaci\u00f3 social des de l\u2019experi\u00e8ncia viscuda de la pobresa, <\/strong>promovent l\u2019an\u00e0lisi col\u00b7lectiva de les desigualtats i la construcci\u00f3 de propostes per a la millora de les pol\u00edtiques p\u00fabliques.<\/p>\n<p data-start=\"1176\" data-end=\"1670\">A <strong data-start=\"1179\" data-end=\"1191\">Val\u00e8ncia,<\/strong> el taller va tindre lloc a <strong data-start=\"1217\" data-end=\"1241\">Casa Caridad Petxina <\/strong>i va ser dinamitzat per <strong data-start=\"1263\" data-end=\"1278\">Doni Arocas,<\/strong> treballadora i educadora social experta en participaci\u00f3 i ruralitat. La jornada es va centrar a reflexionar sobre el valor de la participaci\u00f3 i a generar propostes concretes entorn de drets i serveis socials. <\/p>\n<p data-start=\"1672\" data-end=\"2211\">A <strong data-start=\"1675\" data-end=\"1687\">Castell\u00f3,<\/strong> el taller es va celebrar a la <strong data-start=\"1716\" data-end=\"1745\">Universitat Jaume I (UJI),<\/strong> amb la col\u00b7laboraci\u00f3 de <strong data-start=\"1770\" data-end=\"1803\">Daniel Castillejo i Ilse Roda<\/strong>. Es va generar un espai de reflexi\u00f3 sobre les causes estructurals de la pobresa i la import\u00e0ncia que les mateixes persones afectades formen part activa del disseny de solucions.<\/p>\n<p data-start=\"2213\" data-end=\"2660\">Finalment, a <strong data-start=\"2228\" data-end=\"2239\">Alacant, <\/strong>la sessi\u00f3 es va desenvolupar a la <strong data-start=\"2271\" data-end=\"2328\">Seu Universit\u00e0ria de la Universitat d\u2019Alacant (UA)<\/strong> i va ser dinamitzada per <strong data-start=\"2350\" data-end=\"2379\">Elena Mar\u00eda Cort\u00e9s Flor\u00edn<\/strong>, professora ajudant doctora de l\u2019\u00e0rea de Treball Social i Serveis Socials de la UA. Es van treballar els obstacles que afronten moltes persones en situaci\u00f3 de vulnerabilitat i es va valorar la necessitat de visibilitzar aquestes realitats en els processos participatius institucionals. <\/p>\n<blockquote data-start=\"2662\" data-end=\"2843\">\n<p data-start=\"2664\" data-end=\"2843\">\u201cNing\u00fa millor que un mateix sap qu\u00e8 \u00e9s el que passa\u201d<br data-start=\"2715\" data-end=\"2718\">\u201cNecessitem ser part\u201d<br data-start=\"2743\" data-end=\"2746\">\u201cPodem arribar a incidir en les pol\u00edtiques que es facen\u201d<br data-start=\"2804\" data-end=\"2807\">\u201cQue les lleis siguen m\u00e9s humanes\u201d<\/p>\n<\/blockquote>\n<p data-start=\"2845\" data-end=\"3032\">Aquestes frases, compartides per les persones participants, resumixen l\u2019esperit del cicle <em data-start=\"2933\" data-end=\"2947\">Veus Actives:<\/em> crear espais reals on les veus silenciades es convertisquen en motor de canvi.<\/p>\n<p data-start=\"3034\" data-end=\"3294\">Al setembre i octubre, EAPN CV organitzar\u00e0 noves <strong data-start=\"3088\" data-end=\"3146\">trobades provincials i auton\u00f2miques d\u2019interlocuci\u00f3,<\/strong> on es compartiran totes les propostes recollides en aquesta primera fase per a continuar avan\u00e7ant cap a una societat m\u00e9s justa, des de baix i en xarxa.<\/p>\n<p data-start=\"3296\" data-end=\"3625\">Aquesta activitat forma part del programa de subvencions de l\u2019IRPF \u201c<em data-start=\"3364\" data-end=\"3457\">La joventut com a agent de canvi per a la integraci\u00f3 social i la defensa dels seus drets\u201d,<\/em> finan\u00e7at per la <strong data-start=\"3477\" data-end=\"3590\">Vicepresid\u00e8ncia Primera i Conselleria d\u2019Igualtat, Serveis Socials i Habitatge de la Generalitat Valenciana<\/strong> (expedient: <strong data-start=\"3604\" data-end=\"3623\">PIIRPF\/2024\/275<\/strong>).<\/p>\n","protected":false},"excerpt":{"rendered":"<p>Durant maig i juny, EAPN CV ha desenvolupat la primera fase del cicle de tallers \u201cVeus actives en la defensa de drets i la inclusi\u00f3 social\u201d, amb tres sessions provincials celebrades a Val\u00e8ncia, Castell\u00f3 i Alacant, que han comptat amb la participaci\u00f3 de m\u00e9s de 70 persones. Aquests espais han tingut com a objectiu enfortir [&hellip;]<\/p>\n","protected":false},"author":11,"featured_media":17182,"comment_status":"open","ping_status":"closed","sticky":false,"template":"","format":"standard","meta":{"_acf_changed":false,"_et_pb_use_builder":"","_et_pb_old_content":"","_et_gb_content_width":"","footnotes":""},"categories":[81,29],"tags":[],"class_list":["post-17592","post","type-post","status-publish","format-standard","has-post-thumbnail","hentry","category-incidencia-ca-val","category-informat"],"acf":[],"yoast_head":"<!-- This site is optimized with the Yoast SEO Premium plugin v24.5 (Yoast SEO v27.0) - https:\/\/yoast.com\/product\/yoast-seo-premium-wordpress\/ -->\n<title>Finalitza la primera fase dels tallers \u201cVeus actives\u201d amb la participaci\u00f3 de m\u00e9s de 70 persones a Val\u00e8ncia, Castell\u00f3 i Alacant - EAPN CV<\/title>\n<meta name=\"robots\" content=\"index, follow, max-snippet:-1, max-image-preview:large, max-video-preview:-1\" \/>\n<link rel=\"canonical\" href=\"https:\/\/www.eapncv.org\/ca-val\/informat\/finalitza-la-primera-fase-dels-tallers-veus-actives-amb-la-participacio-de-mes-de-70-persones-a-valencia-castello-i-alacant\/\" \/>\n<meta property=\"og:locale\" content=\"en_US\" \/>\n<meta property=\"og:type\" content=\"article\" \/>\n<meta property=\"og:title\" content=\"Finalitza la primera fase dels tallers \u201cVeus actives\u201d amb la participaci\u00f3 de m\u00e9s de 70 persones a Val\u00e8ncia, Castell\u00f3 i Alacant\" \/>\n<meta property=\"og:description\" content=\"Durant maig i juny, EAPN CV ha desenvolupat la primera fase del cicle de tallers \u201cVeus actives en la defensa de drets i la inclusi\u00f3 social\u201d, amb tres sessions provincials celebrades a Val\u00e8ncia, Castell\u00f3 i Alacant, que han comptat amb la participaci\u00f3 de m\u00e9s de 70 persones. Aquests espais han tingut com a objectiu enfortir [&hellip;]\" \/>\n<meta property=\"og:url\" content=\"https:\/\/www.eapncv.org\/ca-val\/informat\/finalitza-la-primera-fase-dels-tallers-veus-actives-amb-la-participacio-de-mes-de-70-persones-a-valencia-castello-i-alacant\/\" \/>\n<meta property=\"og:site_name\" content=\"EAPN CV\" \/>\n<meta property=\"article:publisher\" content=\"https:\/\/www.facebook.com\/EAPNCV\" \/>\n<meta property=\"article:published_time\" content=\"2025-06-20T12:57:45+00:00\" \/>\n<meta property=\"article:modified_time\" content=\"2025-09-10T10:16:07+00:00\" \/>\n<meta property=\"og:image\" content=\"https:\/\/www.eapncv.org\/wp-content\/uploads\/NOTICIAS-WEB-10-png.webp\" \/>\n\t<meta property=\"og:image:width\" content=\"1890\" \/>\n\t<meta property=\"og:image:height\" content=\"1063\" \/>\n\t<meta property=\"og:image:type\" content=\"image\/png\" \/>\n<meta name=\"author\" content=\"Secretaria EAPNCV\" \/>\n<meta name=\"twitter:card\" content=\"summary_large_image\" \/>\n<meta name=\"twitter:creator\" content=\"@xarxaeapncv\" \/>\n<meta name=\"twitter:site\" content=\"@xarxaeapncv\" \/>\n<meta name=\"twitter:label1\" content=\"Written by\" \/>\n\t<meta name=\"twitter:data1\" content=\"Secretaria EAPNCV\" \/>\n\t<meta name=\"twitter:label2\" content=\"Est. reading time\" \/>\n\t<meta name=\"twitter:data2\" content=\"2 minutes\" \/>\n<script type=\"application\/ld+json\" class=\"yoast-schema-graph\">{\"@context\":\"https:\/\/schema.org\",\"@graph\":[{\"@type\":\"Article\",\"@id\":\"https:\/\/www.eapncv.org\/ca-val\/informat\/finalitza-la-primera-fase-dels-tallers-veus-actives-amb-la-participacio-de-mes-de-70-persones-a-valencia-castello-i-alacant\/#article\",\"isPartOf\":{\"@id\":\"https:\/\/www.eapncv.org\/ca-val\/informat\/finalitza-la-primera-fase-dels-tallers-veus-actives-amb-la-participacio-de-mes-de-70-persones-a-valencia-castello-i-alacant\/\"},\"author\":{\"name\":\"Secretaria EAPNCV\",\"@id\":\"https:\/\/www.eapncv.org\/#\/schema\/person\/7aac997d792e1fcb21a035002ed43467\"},\"headline\":\"Finalitza la primera fase dels tallers \u201cVeus actives\u201d amb la participaci\u00f3 de m\u00e9s de 70 persones a Val\u00e8ncia, Castell\u00f3 i Alacant\",\"datePublished\":\"2025-06-20T12:57:45+00:00\",\"dateModified\":\"2025-09-10T10:16:07+00:00\",\"mainEntityOfPage\":{\"@id\":\"https:\/\/www.eapncv.org\/ca-val\/informat\/finalitza-la-primera-fase-dels-tallers-veus-actives-amb-la-participacio-de-mes-de-70-persones-a-valencia-castello-i-alacant\/\"},\"wordCount\":446,\"commentCount\":0,\"publisher\":{\"@id\":\"https:\/\/www.eapncv.org\/#organization\"},\"image\":{\"@id\":\"https:\/\/www.eapncv.org\/ca-val\/informat\/finalitza-la-primera-fase-dels-tallers-veus-actives-amb-la-participacio-de-mes-de-70-persones-a-valencia-castello-i-alacant\/#primaryimage\"},\"thumbnailUrl\":\"https:\/\/www.eapncv.org\/wp-content\/uploads\/NOTICIAS-WEB-10-png.webp\",\"articleSection\":[\"Incid\u00e8ncia\",\"INFORMA'T\"],\"inLanguage\":\"ca-val\",\"potentialAction\":[{\"@type\":\"CommentAction\",\"name\":\"Comment\",\"target\":[\"https:\/\/www.eapncv.org\/ca-val\/informat\/finalitza-la-primera-fase-dels-tallers-veus-actives-amb-la-participacio-de-mes-de-70-persones-a-valencia-castello-i-alacant\/#respond\"]}]},{\"@type\":\"WebPage\",\"@id\":\"https:\/\/www.eapncv.org\/ca-val\/informat\/finalitza-la-primera-fase-dels-tallers-veus-actives-amb-la-participacio-de-mes-de-70-persones-a-valencia-castello-i-alacant\/\",\"url\":\"https:\/\/www.eapncv.org\/ca-val\/informat\/finalitza-la-primera-fase-dels-tallers-veus-actives-amb-la-participacio-de-mes-de-70-persones-a-valencia-castello-i-alacant\/\",\"name\":\"Finalitza la primera fase dels tallers \u201cVeus actives\u201d amb la participaci\u00f3 de m\u00e9s de 70 persones a Val\u00e8ncia, Castell\u00f3 i Alacant - EAPN CV\",\"isPartOf\":{\"@id\":\"https:\/\/www.eapncv.org\/#website\"},\"primaryImageOfPage\":{\"@id\":\"https:\/\/www.eapncv.org\/ca-val\/informat\/finalitza-la-primera-fase-dels-tallers-veus-actives-amb-la-participacio-de-mes-de-70-persones-a-valencia-castello-i-alacant\/#primaryimage\"},\"image\":{\"@id\":\"https:\/\/www.eapncv.org\/ca-val\/informat\/finalitza-la-primera-fase-dels-tallers-veus-actives-amb-la-participacio-de-mes-de-70-persones-a-valencia-castello-i-alacant\/#primaryimage\"},\"thumbnailUrl\":\"https:\/\/www.eapncv.org\/wp-content\/uploads\/NOTICIAS-WEB-10-png.webp\",\"datePublished\":\"2025-06-20T12:57:45+00:00\",\"dateModified\":\"2025-09-10T10:16:07+00:00\",\"breadcrumb\":{\"@id\":\"https:\/\/www.eapncv.org\/ca-val\/informat\/finalitza-la-primera-fase-dels-tallers-veus-actives-amb-la-participacio-de-mes-de-70-persones-a-valencia-castello-i-alacant\/#breadcrumb\"},\"inLanguage\":\"ca-val\",\"potentialAction\":[{\"@type\":\"ReadAction\",\"target\":[\"https:\/\/www.eapncv.org\/ca-val\/informat\/finalitza-la-primera-fase-dels-tallers-veus-actives-amb-la-participacio-de-mes-de-70-persones-a-valencia-castello-i-alacant\/\"]}]},{\"@type\":\"ImageObject\",\"inLanguage\":\"ca-val\",\"@id\":\"https:\/\/www.eapncv.org\/ca-val\/informat\/finalitza-la-primera-fase-dels-tallers-veus-actives-amb-la-participacio-de-mes-de-70-persones-a-valencia-castello-i-alacant\/#primaryimage\",\"url\":\"https:\/\/www.eapncv.org\/wp-content\/uploads\/NOTICIAS-WEB-10-png.webp\",\"contentUrl\":\"https:\/\/www.eapncv.org\/wp-content\/uploads\/NOTICIAS-WEB-10-png.webp\",\"width\":1890,\"height\":1063},{\"@type\":\"BreadcrumbList\",\"@id\":\"https:\/\/www.eapncv.org\/ca-val\/informat\/finalitza-la-primera-fase-dels-tallers-veus-actives-amb-la-participacio-de-mes-de-70-persones-a-valencia-castello-i-alacant\/#breadcrumb\",\"itemListElement\":[{\"@type\":\"ListItem\",\"position\":1,\"name\":\"Portada\",\"item\":\"https:\/\/www.eapncv.org\/ca-val\/\"},{\"@type\":\"ListItem\",\"position\":2,\"name\":\"Finalitza la primera fase dels tallers \u201cVeus actives\u201d amb la participaci\u00f3 de m\u00e9s de 70 persones a Val\u00e8ncia, Castell\u00f3 i Alacant\"}]},{\"@type\":\"WebSite\",\"@id\":\"https:\/\/www.eapncv.org\/#website\",\"url\":\"https:\/\/www.eapncv.org\/\",\"name\":\"EAPN CV\",\"description\":\"European Antipoverty Network \/ Xarxa Europea de Lluita contra la Pobresa\",\"publisher\":{\"@id\":\"https:\/\/www.eapncv.org\/#organization\"},\"potentialAction\":[{\"@type\":\"SearchAction\",\"target\":{\"@type\":\"EntryPoint\",\"urlTemplate\":\"https:\/\/www.eapncv.org\/?s={search_term_string}\"},\"query-input\":{\"@type\":\"PropertyValueSpecification\",\"valueRequired\":true,\"valueName\":\"search_term_string\"}}],\"inLanguage\":\"ca-val\"},{\"@type\":\"Organization\",\"@id\":\"https:\/\/www.eapncv.org\/#organization\",\"name\":\"EAPN CV\",\"url\":\"https:\/\/www.eapncv.org\/\",\"logo\":{\"@type\":\"ImageObject\",\"inLanguage\":\"ca-val\",\"@id\":\"https:\/\/www.eapncv.org\/#\/schema\/logo\/image\/\",\"url\":\"https:\/\/www.eapncv.org\/wp-content\/uploads\/2020\/10\/logoeapnOK-2013.jpg\",\"contentUrl\":\"https:\/\/www.eapncv.org\/wp-content\/uploads\/2020\/10\/logoeapnOK-2013.jpg\",\"width\":793,\"height\":287,\"caption\":\"EAPN CV\"},\"image\":{\"@id\":\"https:\/\/www.eapncv.org\/#\/schema\/logo\/image\/\"},\"sameAs\":[\"https:\/\/www.facebook.com\/EAPNCV\",\"https:\/\/x.com\/xarxaeapncv\",\"https:\/\/es.linkedin.com\/company\/eapn-cv\"]},{\"@type\":\"Person\",\"@id\":\"https:\/\/www.eapncv.org\/#\/schema\/person\/7aac997d792e1fcb21a035002ed43467\",\"name\":\"Secretaria EAPNCV\",\"image\":{\"@type\":\"ImageObject\",\"inLanguage\":\"ca-val\",\"@id\":\"https:\/\/www.eapncv.org\/#\/schema\/person\/image\/\",\"url\":\"https:\/\/secure.gravatar.com\/avatar\/aa140272539f20114066596ab3a85989e018d661e62bbdc9bbe371eaf0f1236d?s=96&d=mm&r=g\",\"contentUrl\":\"https:\/\/secure.gravatar.com\/avatar\/aa140272539f20114066596ab3a85989e018d661e62bbdc9bbe371eaf0f1236d?s=96&d=mm&r=g\",\"caption\":\"Secretaria EAPNCV\"},\"url\":\"https:\/\/www.eapncv.org\/ca-val\/author\/s3cr3t4r1a2_e4pncv\/\"}]}<\/script>\n<!-- \/ Yoast SEO Premium plugin. -->","yoast_head_json":{"title":"Finalitza la primera fase dels tallers \u201cVeus actives\u201d amb la participaci\u00f3 de m\u00e9s de 70 persones a Val\u00e8ncia, Castell\u00f3 i Alacant - EAPN CV","robots":{"index":"index","follow":"follow","max-snippet":"max-snippet:-1","max-image-preview":"max-image-preview:large","max-video-preview":"max-video-preview:-1"},"canonical":"https:\/\/www.eapncv.org\/ca-val\/informat\/finalitza-la-primera-fase-dels-tallers-veus-actives-amb-la-participacio-de-mes-de-70-persones-a-valencia-castello-i-alacant\/","og_locale":"en_US","og_type":"article","og_title":"Finalitza la primera fase dels tallers \u201cVeus actives\u201d amb la participaci\u00f3 de m\u00e9s de 70 persones a Val\u00e8ncia, Castell\u00f3 i Alacant","og_description":"Durant maig i juny, EAPN CV ha desenvolupat la primera fase del cicle de tallers \u201cVeus actives en la defensa de drets i la inclusi\u00f3 social\u201d, amb tres sessions provincials celebrades a Val\u00e8ncia, Castell\u00f3 i Alacant, que han comptat amb la participaci\u00f3 de m\u00e9s de 70 persones. Aquests espais han tingut com a objectiu enfortir [&hellip;]","og_url":"https:\/\/www.eapncv.org\/ca-val\/informat\/finalitza-la-primera-fase-dels-tallers-veus-actives-amb-la-participacio-de-mes-de-70-persones-a-valencia-castello-i-alacant\/","og_site_name":"EAPN CV","article_publisher":"https:\/\/www.facebook.com\/EAPNCV","article_published_time":"2025-06-20T12:57:45+00:00","article_modified_time":"2025-09-10T10:16:07+00:00","og_image":[{"width":1890,"height":1063,"url":"https:\/\/www.eapncv.org\/wp-content\/uploads\/NOTICIAS-WEB-10-png.webp","type":"image\/png"}],"author":"Secretaria EAPNCV","twitter_card":"summary_large_image","twitter_creator":"@xarxaeapncv","twitter_site":"@xarxaeapncv","twitter_misc":{"Written by":"Secretaria EAPNCV","Est. reading time":"2 minutes"},"schema":{"@context":"https:\/\/schema.org","@graph":[{"@type":"Article","@id":"https:\/\/www.eapncv.org\/ca-val\/informat\/finalitza-la-primera-fase-dels-tallers-veus-actives-amb-la-participacio-de-mes-de-70-persones-a-valencia-castello-i-alacant\/#article","isPartOf":{"@id":"https:\/\/www.eapncv.org\/ca-val\/informat\/finalitza-la-primera-fase-dels-tallers-veus-actives-amb-la-participacio-de-mes-de-70-persones-a-valencia-castello-i-alacant\/"},"author":{"name":"Secretaria EAPNCV","@id":"https:\/\/www.eapncv.org\/#\/schema\/person\/7aac997d792e1fcb21a035002ed43467"},"headline":"Finalitza la primera fase dels tallers \u201cVeus actives\u201d amb la participaci\u00f3 de m\u00e9s de 70 persones a Val\u00e8ncia, Castell\u00f3 i Alacant","datePublished":"2025-06-20T12:57:45+00:00","dateModified":"2025-09-10T10:16:07+00:00","mainEntityOfPage":{"@id":"https:\/\/www.eapncv.org\/ca-val\/informat\/finalitza-la-primera-fase-dels-tallers-veus-actives-amb-la-participacio-de-mes-de-70-persones-a-valencia-castello-i-alacant\/"},"wordCount":446,"commentCount":0,"publisher":{"@id":"https:\/\/www.eapncv.org\/#organization"},"image":{"@id":"https:\/\/www.eapncv.org\/ca-val\/informat\/finalitza-la-primera-fase-dels-tallers-veus-actives-amb-la-participacio-de-mes-de-70-persones-a-valencia-castello-i-alacant\/#primaryimage"},"thumbnailUrl":"https:\/\/www.eapncv.org\/wp-content\/uploads\/NOTICIAS-WEB-10-png.webp","articleSection":["Incid\u00e8ncia","INFORMA'T"],"inLanguage":"ca-val","potentialAction":[{"@type":"CommentAction","name":"Comment","target":["https:\/\/www.eapncv.org\/ca-val\/informat\/finalitza-la-primera-fase-dels-tallers-veus-actives-amb-la-participacio-de-mes-de-70-persones-a-valencia-castello-i-alacant\/#respond"]}]},{"@type":"WebPage","@id":"https:\/\/www.eapncv.org\/ca-val\/informat\/finalitza-la-primera-fase-dels-tallers-veus-actives-amb-la-participacio-de-mes-de-70-persones-a-valencia-castello-i-alacant\/","url":"https:\/\/www.eapncv.org\/ca-val\/informat\/finalitza-la-primera-fase-dels-tallers-veus-actives-amb-la-participacio-de-mes-de-70-persones-a-valencia-castello-i-alacant\/","name":"Finalitza la primera fase dels tallers \u201cVeus actives\u201d amb la participaci\u00f3 de m\u00e9s de 70 persones a Val\u00e8ncia, Castell\u00f3 i Alacant - EAPN CV","isPartOf":{"@id":"https:\/\/www.eapncv.org\/#website"},"primaryImageOfPage":{"@id":"https:\/\/www.eapncv.org\/ca-val\/informat\/finalitza-la-primera-fase-dels-tallers-veus-actives-amb-la-participacio-de-mes-de-70-persones-a-valencia-castello-i-alacant\/#primaryimage"},"image":{"@id":"https:\/\/www.eapncv.org\/ca-val\/informat\/finalitza-la-primera-fase-dels-tallers-veus-actives-amb-la-participacio-de-mes-de-70-persones-a-valencia-castello-i-alacant\/#primaryimage"},"thumbnailUrl":"https:\/\/www.eapncv.org\/wp-content\/uploads\/NOTICIAS-WEB-10-png.webp","datePublished":"2025-06-20T12:57:45+00:00","dateModified":"2025-09-10T10:16:07+00:00","breadcrumb":{"@id":"https:\/\/www.eapncv.org\/ca-val\/informat\/finalitza-la-primera-fase-dels-tallers-veus-actives-amb-la-participacio-de-mes-de-70-persones-a-valencia-castello-i-alacant\/#breadcrumb"},"inLanguage":"ca-val","potentialAction":[{"@type":"ReadAction","target":["https:\/\/www.eapncv.org\/ca-val\/informat\/finalitza-la-primera-fase-dels-tallers-veus-actives-amb-la-participacio-de-mes-de-70-persones-a-valencia-castello-i-alacant\/"]}]},{"@type":"ImageObject","inLanguage":"ca-val","@id":"https:\/\/www.eapncv.org\/ca-val\/informat\/finalitza-la-primera-fase-dels-tallers-veus-actives-amb-la-participacio-de-mes-de-70-persones-a-valencia-castello-i-alacant\/#primaryimage","url":"https:\/\/www.eapncv.org\/wp-content\/uploads\/NOTICIAS-WEB-10-png.webp","contentUrl":"https:\/\/www.eapncv.org\/wp-content\/uploads\/NOTICIAS-WEB-10-png.webp","width":1890,"height":1063},{"@type":"BreadcrumbList","@id":"https:\/\/www.eapncv.org\/ca-val\/informat\/finalitza-la-primera-fase-dels-tallers-veus-actives-amb-la-participacio-de-mes-de-70-persones-a-valencia-castello-i-alacant\/#breadcrumb","itemListElement":[{"@type":"ListItem","position":1,"name":"Portada","item":"https:\/\/www.eapncv.org\/ca-val\/"},{"@type":"ListItem","position":2,"name":"Finalitza la primera fase dels tallers \u201cVeus actives\u201d amb la participaci\u00f3 de m\u00e9s de 70 persones a Val\u00e8ncia, Castell\u00f3 i Alacant"}]},{"@type":"WebSite","@id":"https:\/\/www.eapncv.org\/#website","url":"https:\/\/www.eapncv.org\/","name":"EAPN CV","description":"European Antipoverty Network \/ Xarxa Europea de Lluita contra la Pobresa","publisher":{"@id":"https:\/\/www.eapncv.org\/#organization"},"potentialAction":[{"@type":"SearchAction","target":{"@type":"EntryPoint","urlTemplate":"https:\/\/www.eapncv.org\/?s={search_term_string}"},"query-input":{"@type":"PropertyValueSpecification","valueRequired":true,"valueName":"search_term_string"}}],"inLanguage":"ca-val"},{"@type":"Organization","@id":"https:\/\/www.eapncv.org\/#organization","name":"EAPN CV","url":"https:\/\/www.eapncv.org\/","logo":{"@type":"ImageObject","inLanguage":"ca-val","@id":"https:\/\/www.eapncv.org\/#\/schema\/logo\/image\/","url":"https:\/\/www.eapncv.org\/wp-content\/uploads\/2020\/10\/logoeapnOK-2013.jpg","contentUrl":"https:\/\/www.eapncv.org\/wp-content\/uploads\/2020\/10\/logoeapnOK-2013.jpg","width":793,"height":287,"caption":"EAPN CV"},"image":{"@id":"https:\/\/www.eapncv.org\/#\/schema\/logo\/image\/"},"sameAs":["https:\/\/www.facebook.com\/EAPNCV","https:\/\/x.com\/xarxaeapncv","https:\/\/es.linkedin.com\/company\/eapn-cv"]},{"@type":"Person","@id":"https:\/\/www.eapncv.org\/#\/schema\/person\/7aac997d792e1fcb21a035002ed43467","name":"Secretaria EAPNCV","image":{"@type":"ImageObject","inLanguage":"ca-val","@id":"https:\/\/www.eapncv.org\/#\/schema\/person\/image\/","url":"https:\/\/secure.gravatar.com\/avatar\/aa140272539f20114066596ab3a85989e018d661e62bbdc9bbe371eaf0f1236d?s=96&d=mm&r=g","contentUrl":"https:\/\/secure.gravatar.com\/avatar\/aa140272539f20114066596ab3a85989e018d661e62bbdc9bbe371eaf0f1236d?s=96&d=mm&r=g","caption":"Secretaria EAPNCV"},"url":"https:\/\/www.eapncv.org\/ca-val\/author\/s3cr3t4r1a2_e4pncv\/"}]}},"_links":{"self":[{"href":"https:\/\/www.eapncv.org\/ca-val\/wp-json\/wp\/v2\/posts\/17592","targetHints":{"allow":["GET"]}}],"collection":[{"href":"https:\/\/www.eapncv.org\/ca-val\/wp-json\/wp\/v2\/posts"}],"about":[{"href":"https:\/\/www.eapncv.org\/ca-val\/wp-json\/wp\/v2\/types\/post"}],"author":[{"embeddable":true,"href":"https:\/\/www.eapncv.org\/ca-val\/wp-json\/wp\/v2\/users\/11"}],"replies":[{"embeddable":true,"href":"https:\/\/www.eapncv.org\/ca-val\/wp-json\/wp\/v2\/comments?post=17592"}],"version-history":[{"count":1,"href":"https:\/\/www.eapncv.org\/ca-val\/wp-json\/wp\/v2\/posts\/17592\/revisions"}],"predecessor-version":[{"id":17607,"href":"https:\/\/www.eapncv.org\/ca-val\/wp-json\/wp\/v2\/posts\/17592\/revisions\/17607"}],"wp:featuredmedia":[{"embeddable":true,"href":"https:\/\/www.eapncv.org\/ca-val\/wp-json\/wp\/v2\/media\/17182"}],"wp:attachment":[{"href":"https:\/\/www.eapncv.org\/ca-val\/wp-json\/wp\/v2\/media?parent=17592"}],"wp:term":[{"taxonomy":"category","embeddable":true,"href":"https:\/\/www.eapncv.org\/ca-val\/wp-json\/wp\/v2\/categories?post=17592"},{"taxonomy":"post_tag","embeddable":true,"href":"https:\/\/www.eapncv.org\/ca-val\/wp-json\/wp\/v2\/tags?post=17592"}],"curies":[{"name":"wp","href":"https:\/\/api.w.org\/{rel}","templated":true}]}}