{"id":17614,"date":"2025-06-02T09:56:17","date_gmt":"2025-06-02T07:56:17","guid":{"rendered":"https:\/\/www.eapncv.org\/informat\/taller-en-linia-sobre-pobresa-energetica-a-la-comunitat-valenciana-claus-per-a-leficiencia-energetica-en-llars-vulnerables\/"},"modified":"2025-06-02T09:56:17","modified_gmt":"2025-06-02T07:56:17","slug":"taller-en-linia-sobre-pobresa-energetica-a-la-comunitat-valenciana-claus-per-a-leficiencia-energetica-en-llars-vulnerables","status":"publish","type":"post","link":"https:\/\/www.eapncv.org\/ca-val\/informat\/taller-en-linia-sobre-pobresa-energetica-a-la-comunitat-valenciana-claus-per-a-leficiencia-energetica-en-llars-vulnerables\/","title":{"rendered":"Taller en l\u00ednia sobre pobresa energ\u00e8tica a la Comunitat Valenciana: claus per a l\u2019efici\u00e8ncia energ\u00e8tica en llars vulnerables"},"content":{"rendered":"<h2 style=\"text-align: center;\" data-start=\"312\" data-end=\"708\"><strong><a href=\"http:\/\/bit.ly\/pobresaenergetica25\">INSCRIPCIONS OBERTES ACI<\/a><\/strong><\/h2>\n<p data-start=\"312\" data-end=\"708\">EAPN CV participar\u00e0 en el taller en l\u00ednia <em data-start=\"445\" data-end=\"520\">\u201cClaus per a l\u2019estalvi i l\u2019efici\u00e8ncia energ\u00e8tica en llars vulnerables\u201d<\/em>, una formaci\u00f3 adre\u00e7ada a professionals d\u2019entitats socials, associacions de persones consumidores i administracions p\u00fabliques que treballen amb poblaci\u00f3 en situaci\u00f3 de vulnerabilitat.<\/p>\n<p data-start=\"710\" data-end=\"1031\">Organitzat per EAPN-ES, Endesa i l\u2019Associaci\u00f3 de Ci\u00e8ncies Ambientals (ACA), el taller se celebrar\u00e0 el pr\u00f2xim <strong data-start=\"822\" data-end=\"837\">11 de juny<\/strong>, de <strong data-start=\"842\" data-end=\"865\">10.30 a 13.00 hores<\/strong>, en modalitat en l\u00ednia. La jornada s\u2019emmarca dins d\u2019un cicle de cinc formacions que s\u2019estan desenvolupant entre maig i juny en diversos territoris de l\u2019Estat. <\/p>\n<p data-start=\"1033\" data-end=\"1402\">Durant la sessi\u00f3 s\u2019abordaran continguts clau com la situaci\u00f3 de la pobresa energ\u00e8tica a Espanya i a la Comunitat Valenciana, la relaci\u00f3 entre vulnerabilitat energ\u00e8tica i salut, el funcionament i optimitzaci\u00f3 de la factura el\u00e8ctrica o el bo social. A m\u00e9s, es fomentar\u00e0 la reflexi\u00f3 pr\u00e0ctica mitjan\u00e7ant una din\u00e0mica sobre h\u00e0bits d\u2019estalvi i efici\u00e8ncia energ\u00e8tica. <\/p>\n<p data-start=\"1599\" data-end=\"2105\">Esta formaci\u00f3 es produ\u00efx en un context en qu\u00e8, segons l\u2019avan\u00e7 del <strong data-start=\"1671\" data-end=\"1711\">XV Informe \u201cL\u2019Estat de la Pobresa\u201d<\/strong> d\u2019EAPN-ES, un<strong data-start=\"1727\" data-end=\"1762\"> 17,6 % de la poblaci\u00f3 espanyola<\/strong> no va poder mantindre la seua vivenda a una temperatura adequada en 2024. En el cas de la Comunitat Valenciana, el percentatge ascendix al <strong data-start=\"1893\" data-end=\"1903\">18,5 %<\/strong>, cosa que posa de relleu la necessitat urgent de continuar desenvolupant pol\u00edtiques i accions per a garantir l\u2019acc\u00e9s equitatiu i sostenible a l\u2019energia, especialment per als llars m\u00e9s vulnerables. <\/p>\n<p data-start=\"2107\" data-end=\"2238\">La inscripci\u00f3 \u00e9s gratu\u00efta per\u00f2 obligat\u00f2ria i es pot realitzar a trav\u00e9s del seg\u00fcent enlla\u00e7: <a href=\"http:\/\/bit.ly\/pobresaenergetica25\">bit.ly\/pobresaenergetica25<\/a><\/p>\n<p data-start=\"2107\" data-end=\"2238\"><img loading=\"lazy\" decoding=\"async\" class=\"alignnone size-large wp-image-17048\" src=\"https:\/\/www.eapncv.org\/wp-content\/uploads\/11J_Programa_Taller_Pobreza_Energetica_C.Valencia-1024x724.webp\" alt=\"\" width=\"1024\" height=\"724\" srcset=\"https:\/\/www.eapncv.org\/wp-content\/uploads\/11J_Programa_Taller_Pobreza_Energetica_C.Valencia-1024x724.webp 1024w, https:\/\/www.eapncv.org\/wp-content\/uploads\/11J_Programa_Taller_Pobreza_Energetica_C.Valencia-150x106.webp 150w, https:\/\/www.eapncv.org\/wp-content\/uploads\/11J_Programa_Taller_Pobreza_Energetica_C.Valencia-768x543.webp 768w, https:\/\/www.eapncv.org\/wp-content\/uploads\/11J_Programa_Taller_Pobreza_Energetica_C.Valencia-1536x1086.webp 1536w, https:\/\/www.eapncv.org\/wp-content\/uploads\/11J_Programa_Taller_Pobreza_Energetica_C.Valencia-400x284.webp 400w, https:\/\/www.eapncv.org\/wp-content\/uploads\/11J_Programa_Taller_Pobreza_Energetica_C.Valencia-1080x764.webp 1080w, https:\/\/www.eapncv.org\/wp-content\/uploads\/11J_Programa_Taller_Pobreza_Energetica_C.Valencia-1280x905.webp 1280w, https:\/\/www.eapncv.org\/wp-content\/uploads\/11J_Programa_Taller_Pobreza_Energetica_C.Valencia-980x693.webp 980w, https:\/\/www.eapncv.org\/wp-content\/uploads\/11J_Programa_Taller_Pobreza_Energetica_C.Valencia-480x339.webp 480w, https:\/\/www.eapncv.org\/wp-content\/uploads\/11J_Programa_Taller_Pobreza_Energetica_C.Valencia-png.webp 2000w\" sizes=\"(max-width: 1024px) 100vw, 1024px\" \/><\/p>\n","protected":false},"excerpt":{"rendered":"<p>INSCRIPCIONS OBERTES ACI EAPN CV participar\u00e0 en el taller en l\u00ednia \u201cClaus per a l\u2019estalvi i l\u2019efici\u00e8ncia energ\u00e8tica en llars vulnerables\u201d, una formaci\u00f3 adre\u00e7ada a professionals d\u2019entitats socials, associacions de persones consumidores i administracions p\u00fabliques que treballen amb poblaci\u00f3 en situaci\u00f3 de vulnerabilitat. Organitzat per EAPN-ES, Endesa i l\u2019Associaci\u00f3 de Ci\u00e8ncies Ambientals (ACA), el taller [&hellip;]<\/p>\n","protected":false},"author":11,"featured_media":17090,"comment_status":"open","ping_status":"open","sticky":false,"template":"","format":"standard","meta":{"_acf_changed":false,"_et_pb_use_builder":"","_et_pb_old_content":"","_et_gb_content_width":"","footnotes":""},"categories":[29,88],"tags":[],"class_list":["post-17614","post","type-post","status-publish","format-standard","has-post-thumbnail","hentry","category-informat","category-voluntariat"],"acf":[],"yoast_head":"<!-- This site is optimized with the Yoast SEO Premium plugin v24.5 (Yoast SEO v27.0) - https:\/\/yoast.com\/product\/yoast-seo-premium-wordpress\/ -->\n<title>Taller en l\u00ednia sobre pobresa energ\u00e8tica a la Comunitat Valenciana: claus per a l\u2019efici\u00e8ncia energ\u00e8tica en llars vulnerables - EAPN CV<\/title>\n<meta name=\"robots\" content=\"index, follow, max-snippet:-1, max-image-preview:large, max-video-preview:-1\" \/>\n<link rel=\"canonical\" href=\"https:\/\/www.eapncv.org\/ca-val\/informat\/taller-en-linia-sobre-pobresa-energetica-a-la-comunitat-valenciana-claus-per-a-leficiencia-energetica-en-llars-vulnerables\/\" \/>\n<meta property=\"og:locale\" content=\"en_US\" \/>\n<meta property=\"og:type\" content=\"article\" \/>\n<meta property=\"og:title\" content=\"Taller en l\u00ednia sobre pobresa energ\u00e8tica a la Comunitat Valenciana: claus per a l\u2019efici\u00e8ncia energ\u00e8tica en llars vulnerables\" \/>\n<meta property=\"og:description\" content=\"INSCRIPCIONS OBERTES ACI EAPN CV participar\u00e0 en el taller en l\u00ednia \u201cClaus per a l\u2019estalvi i l\u2019efici\u00e8ncia energ\u00e8tica en llars vulnerables\u201d, una formaci\u00f3 adre\u00e7ada a professionals d\u2019entitats socials, associacions de persones consumidores i administracions p\u00fabliques que treballen amb poblaci\u00f3 en situaci\u00f3 de vulnerabilitat. Organitzat per EAPN-ES, Endesa i l\u2019Associaci\u00f3 de Ci\u00e8ncies Ambientals (ACA), el taller [&hellip;]\" \/>\n<meta property=\"og:url\" content=\"https:\/\/www.eapncv.org\/ca-val\/informat\/taller-en-linia-sobre-pobresa-energetica-a-la-comunitat-valenciana-claus-per-a-leficiencia-energetica-en-llars-vulnerables\/\" \/>\n<meta property=\"og:site_name\" content=\"EAPN CV\" \/>\n<meta property=\"article:publisher\" content=\"https:\/\/www.facebook.com\/EAPNCV\" \/>\n<meta property=\"article:published_time\" content=\"2025-06-02T07:56:17+00:00\" \/>\n<meta property=\"og:image\" content=\"https:\/\/www.eapncv.org\/wp-content\/uploads\/11J_Cartel_Taller_Pobreza_Energetica_C_Valenciana_ES-1.webp\" \/>\n\t<meta property=\"og:image:width\" content=\"1890\" \/>\n\t<meta property=\"og:image:height\" content=\"1063\" \/>\n\t<meta property=\"og:image:type\" content=\"image\/jpeg\" \/>\n<meta name=\"author\" content=\"Secretaria EAPNCV\" \/>\n<meta name=\"twitter:card\" content=\"summary_large_image\" \/>\n<meta name=\"twitter:creator\" content=\"@xarxaeapncv\" \/>\n<meta name=\"twitter:site\" content=\"@xarxaeapncv\" \/>\n<meta name=\"twitter:label1\" content=\"Written by\" \/>\n\t<meta name=\"twitter:data1\" content=\"Secretaria EAPNCV\" \/>\n\t<meta name=\"twitter:label2\" content=\"Est. reading time\" \/>\n\t<meta name=\"twitter:data2\" content=\"1 minute\" \/>\n<script type=\"application\/ld+json\" class=\"yoast-schema-graph\">{\"@context\":\"https:\/\/schema.org\",\"@graph\":[{\"@type\":\"Article\",\"@id\":\"https:\/\/www.eapncv.org\/ca-val\/informat\/taller-en-linia-sobre-pobresa-energetica-a-la-comunitat-valenciana-claus-per-a-leficiencia-energetica-en-llars-vulnerables\/#article\",\"isPartOf\":{\"@id\":\"https:\/\/www.eapncv.org\/ca-val\/informat\/taller-en-linia-sobre-pobresa-energetica-a-la-comunitat-valenciana-claus-per-a-leficiencia-energetica-en-llars-vulnerables\/\"},\"author\":{\"name\":\"Secretaria EAPNCV\",\"@id\":\"https:\/\/www.eapncv.org\/#\/schema\/person\/7aac997d792e1fcb21a035002ed43467\"},\"headline\":\"Taller en l\u00ednia sobre pobresa energ\u00e8tica a la Comunitat Valenciana: claus per a l\u2019efici\u00e8ncia energ\u00e8tica en llars vulnerables\",\"datePublished\":\"2025-06-02T07:56:17+00:00\",\"mainEntityOfPage\":{\"@id\":\"https:\/\/www.eapncv.org\/ca-val\/informat\/taller-en-linia-sobre-pobresa-energetica-a-la-comunitat-valenciana-claus-per-a-leficiencia-energetica-en-llars-vulnerables\/\"},\"wordCount\":302,\"commentCount\":0,\"publisher\":{\"@id\":\"https:\/\/www.eapncv.org\/#organization\"},\"image\":{\"@id\":\"https:\/\/www.eapncv.org\/ca-val\/informat\/taller-en-linia-sobre-pobresa-energetica-a-la-comunitat-valenciana-claus-per-a-leficiencia-energetica-en-llars-vulnerables\/#primaryimage\"},\"thumbnailUrl\":\"https:\/\/www.eapncv.org\/wp-content\/uploads\/11J_Cartel_Taller_Pobreza_Energetica_C_Valenciana_ES-1.webp\",\"articleSection\":[\"INFORMA'T\",\"Voluntariat\"],\"inLanguage\":\"ca-val\",\"potentialAction\":[{\"@type\":\"CommentAction\",\"name\":\"Comment\",\"target\":[\"https:\/\/www.eapncv.org\/ca-val\/informat\/taller-en-linia-sobre-pobresa-energetica-a-la-comunitat-valenciana-claus-per-a-leficiencia-energetica-en-llars-vulnerables\/#respond\"]}]},{\"@type\":\"WebPage\",\"@id\":\"https:\/\/www.eapncv.org\/ca-val\/informat\/taller-en-linia-sobre-pobresa-energetica-a-la-comunitat-valenciana-claus-per-a-leficiencia-energetica-en-llars-vulnerables\/\",\"url\":\"https:\/\/www.eapncv.org\/ca-val\/informat\/taller-en-linia-sobre-pobresa-energetica-a-la-comunitat-valenciana-claus-per-a-leficiencia-energetica-en-llars-vulnerables\/\",\"name\":\"Taller en l\u00ednia sobre pobresa energ\u00e8tica a la Comunitat Valenciana: claus per a l\u2019efici\u00e8ncia energ\u00e8tica en llars vulnerables - EAPN CV\",\"isPartOf\":{\"@id\":\"https:\/\/www.eapncv.org\/#website\"},\"primaryImageOfPage\":{\"@id\":\"https:\/\/www.eapncv.org\/ca-val\/informat\/taller-en-linia-sobre-pobresa-energetica-a-la-comunitat-valenciana-claus-per-a-leficiencia-energetica-en-llars-vulnerables\/#primaryimage\"},\"image\":{\"@id\":\"https:\/\/www.eapncv.org\/ca-val\/informat\/taller-en-linia-sobre-pobresa-energetica-a-la-comunitat-valenciana-claus-per-a-leficiencia-energetica-en-llars-vulnerables\/#primaryimage\"},\"thumbnailUrl\":\"https:\/\/www.eapncv.org\/wp-content\/uploads\/11J_Cartel_Taller_Pobreza_Energetica_C_Valenciana_ES-1.webp\",\"datePublished\":\"2025-06-02T07:56:17+00:00\",\"breadcrumb\":{\"@id\":\"https:\/\/www.eapncv.org\/ca-val\/informat\/taller-en-linia-sobre-pobresa-energetica-a-la-comunitat-valenciana-claus-per-a-leficiencia-energetica-en-llars-vulnerables\/#breadcrumb\"},\"inLanguage\":\"ca-val\",\"potentialAction\":[{\"@type\":\"ReadAction\",\"target\":[\"https:\/\/www.eapncv.org\/ca-val\/informat\/taller-en-linia-sobre-pobresa-energetica-a-la-comunitat-valenciana-claus-per-a-leficiencia-energetica-en-llars-vulnerables\/\"]}]},{\"@type\":\"ImageObject\",\"inLanguage\":\"ca-val\",\"@id\":\"https:\/\/www.eapncv.org\/ca-val\/informat\/taller-en-linia-sobre-pobresa-energetica-a-la-comunitat-valenciana-claus-per-a-leficiencia-energetica-en-llars-vulnerables\/#primaryimage\",\"url\":\"https:\/\/www.eapncv.org\/wp-content\/uploads\/11J_Cartel_Taller_Pobreza_Energetica_C_Valenciana_ES-1.webp\",\"contentUrl\":\"https:\/\/www.eapncv.org\/wp-content\/uploads\/11J_Cartel_Taller_Pobreza_Energetica_C_Valenciana_ES-1.webp\",\"width\":1890,\"height\":1063},{\"@type\":\"BreadcrumbList\",\"@id\":\"https:\/\/www.eapncv.org\/ca-val\/informat\/taller-en-linia-sobre-pobresa-energetica-a-la-comunitat-valenciana-claus-per-a-leficiencia-energetica-en-llars-vulnerables\/#breadcrumb\",\"itemListElement\":[{\"@type\":\"ListItem\",\"position\":1,\"name\":\"Portada\",\"item\":\"https:\/\/www.eapncv.org\/ca-val\/\"},{\"@type\":\"ListItem\",\"position\":2,\"name\":\"Taller en l\u00ednia sobre pobresa energ\u00e8tica a la Comunitat Valenciana: claus per a l\u2019efici\u00e8ncia energ\u00e8tica en llars vulnerables\"}]},{\"@type\":\"WebSite\",\"@id\":\"https:\/\/www.eapncv.org\/#website\",\"url\":\"https:\/\/www.eapncv.org\/\",\"name\":\"EAPN CV\",\"description\":\"European Antipoverty Network \/ Xarxa Europea de Lluita contra la Pobresa\",\"publisher\":{\"@id\":\"https:\/\/www.eapncv.org\/#organization\"},\"potentialAction\":[{\"@type\":\"SearchAction\",\"target\":{\"@type\":\"EntryPoint\",\"urlTemplate\":\"https:\/\/www.eapncv.org\/?s={search_term_string}\"},\"query-input\":{\"@type\":\"PropertyValueSpecification\",\"valueRequired\":true,\"valueName\":\"search_term_string\"}}],\"inLanguage\":\"ca-val\"},{\"@type\":\"Organization\",\"@id\":\"https:\/\/www.eapncv.org\/#organization\",\"name\":\"EAPN CV\",\"url\":\"https:\/\/www.eapncv.org\/\",\"logo\":{\"@type\":\"ImageObject\",\"inLanguage\":\"ca-val\",\"@id\":\"https:\/\/www.eapncv.org\/#\/schema\/logo\/image\/\",\"url\":\"https:\/\/www.eapncv.org\/wp-content\/uploads\/2020\/10\/logoeapnOK-2013.jpg\",\"contentUrl\":\"https:\/\/www.eapncv.org\/wp-content\/uploads\/2020\/10\/logoeapnOK-2013.jpg\",\"width\":793,\"height\":287,\"caption\":\"EAPN CV\"},\"image\":{\"@id\":\"https:\/\/www.eapncv.org\/#\/schema\/logo\/image\/\"},\"sameAs\":[\"https:\/\/www.facebook.com\/EAPNCV\",\"https:\/\/x.com\/xarxaeapncv\",\"https:\/\/es.linkedin.com\/company\/eapn-cv\"]},{\"@type\":\"Person\",\"@id\":\"https:\/\/www.eapncv.org\/#\/schema\/person\/7aac997d792e1fcb21a035002ed43467\",\"name\":\"Secretaria EAPNCV\",\"image\":{\"@type\":\"ImageObject\",\"inLanguage\":\"ca-val\",\"@id\":\"https:\/\/www.eapncv.org\/#\/schema\/person\/image\/\",\"url\":\"https:\/\/secure.gravatar.com\/avatar\/aa140272539f20114066596ab3a85989e018d661e62bbdc9bbe371eaf0f1236d?s=96&d=mm&r=g\",\"contentUrl\":\"https:\/\/secure.gravatar.com\/avatar\/aa140272539f20114066596ab3a85989e018d661e62bbdc9bbe371eaf0f1236d?s=96&d=mm&r=g\",\"caption\":\"Secretaria EAPNCV\"},\"url\":\"https:\/\/www.eapncv.org\/ca-val\/author\/s3cr3t4r1a2_e4pncv\/\"}]}<\/script>\n<!-- \/ Yoast SEO Premium plugin. -->","yoast_head_json":{"title":"Taller en l\u00ednia sobre pobresa energ\u00e8tica a la Comunitat Valenciana: claus per a l\u2019efici\u00e8ncia energ\u00e8tica en llars vulnerables - EAPN CV","robots":{"index":"index","follow":"follow","max-snippet":"max-snippet:-1","max-image-preview":"max-image-preview:large","max-video-preview":"max-video-preview:-1"},"canonical":"https:\/\/www.eapncv.org\/ca-val\/informat\/taller-en-linia-sobre-pobresa-energetica-a-la-comunitat-valenciana-claus-per-a-leficiencia-energetica-en-llars-vulnerables\/","og_locale":"en_US","og_type":"article","og_title":"Taller en l\u00ednia sobre pobresa energ\u00e8tica a la Comunitat Valenciana: claus per a l\u2019efici\u00e8ncia energ\u00e8tica en llars vulnerables","og_description":"INSCRIPCIONS OBERTES ACI EAPN CV participar\u00e0 en el taller en l\u00ednia \u201cClaus per a l\u2019estalvi i l\u2019efici\u00e8ncia energ\u00e8tica en llars vulnerables\u201d, una formaci\u00f3 adre\u00e7ada a professionals d\u2019entitats socials, associacions de persones consumidores i administracions p\u00fabliques que treballen amb poblaci\u00f3 en situaci\u00f3 de vulnerabilitat. Organitzat per EAPN-ES, Endesa i l\u2019Associaci\u00f3 de Ci\u00e8ncies Ambientals (ACA), el taller [&hellip;]","og_url":"https:\/\/www.eapncv.org\/ca-val\/informat\/taller-en-linia-sobre-pobresa-energetica-a-la-comunitat-valenciana-claus-per-a-leficiencia-energetica-en-llars-vulnerables\/","og_site_name":"EAPN CV","article_publisher":"https:\/\/www.facebook.com\/EAPNCV","article_published_time":"2025-06-02T07:56:17+00:00","og_image":[{"width":1890,"height":1063,"url":"https:\/\/www.eapncv.org\/wp-content\/uploads\/11J_Cartel_Taller_Pobreza_Energetica_C_Valenciana_ES-1.webp","type":"image\/jpeg"}],"author":"Secretaria EAPNCV","twitter_card":"summary_large_image","twitter_creator":"@xarxaeapncv","twitter_site":"@xarxaeapncv","twitter_misc":{"Written by":"Secretaria EAPNCV","Est. reading time":"1 minute"},"schema":{"@context":"https:\/\/schema.org","@graph":[{"@type":"Article","@id":"https:\/\/www.eapncv.org\/ca-val\/informat\/taller-en-linia-sobre-pobresa-energetica-a-la-comunitat-valenciana-claus-per-a-leficiencia-energetica-en-llars-vulnerables\/#article","isPartOf":{"@id":"https:\/\/www.eapncv.org\/ca-val\/informat\/taller-en-linia-sobre-pobresa-energetica-a-la-comunitat-valenciana-claus-per-a-leficiencia-energetica-en-llars-vulnerables\/"},"author":{"name":"Secretaria EAPNCV","@id":"https:\/\/www.eapncv.org\/#\/schema\/person\/7aac997d792e1fcb21a035002ed43467"},"headline":"Taller en l\u00ednia sobre pobresa energ\u00e8tica a la Comunitat Valenciana: claus per a l\u2019efici\u00e8ncia energ\u00e8tica en llars vulnerables","datePublished":"2025-06-02T07:56:17+00:00","mainEntityOfPage":{"@id":"https:\/\/www.eapncv.org\/ca-val\/informat\/taller-en-linia-sobre-pobresa-energetica-a-la-comunitat-valenciana-claus-per-a-leficiencia-energetica-en-llars-vulnerables\/"},"wordCount":302,"commentCount":0,"publisher":{"@id":"https:\/\/www.eapncv.org\/#organization"},"image":{"@id":"https:\/\/www.eapncv.org\/ca-val\/informat\/taller-en-linia-sobre-pobresa-energetica-a-la-comunitat-valenciana-claus-per-a-leficiencia-energetica-en-llars-vulnerables\/#primaryimage"},"thumbnailUrl":"https:\/\/www.eapncv.org\/wp-content\/uploads\/11J_Cartel_Taller_Pobreza_Energetica_C_Valenciana_ES-1.webp","articleSection":["INFORMA'T","Voluntariat"],"inLanguage":"ca-val","potentialAction":[{"@type":"CommentAction","name":"Comment","target":["https:\/\/www.eapncv.org\/ca-val\/informat\/taller-en-linia-sobre-pobresa-energetica-a-la-comunitat-valenciana-claus-per-a-leficiencia-energetica-en-llars-vulnerables\/#respond"]}]},{"@type":"WebPage","@id":"https:\/\/www.eapncv.org\/ca-val\/informat\/taller-en-linia-sobre-pobresa-energetica-a-la-comunitat-valenciana-claus-per-a-leficiencia-energetica-en-llars-vulnerables\/","url":"https:\/\/www.eapncv.org\/ca-val\/informat\/taller-en-linia-sobre-pobresa-energetica-a-la-comunitat-valenciana-claus-per-a-leficiencia-energetica-en-llars-vulnerables\/","name":"Taller en l\u00ednia sobre pobresa energ\u00e8tica a la Comunitat Valenciana: claus per a l\u2019efici\u00e8ncia energ\u00e8tica en llars vulnerables - EAPN CV","isPartOf":{"@id":"https:\/\/www.eapncv.org\/#website"},"primaryImageOfPage":{"@id":"https:\/\/www.eapncv.org\/ca-val\/informat\/taller-en-linia-sobre-pobresa-energetica-a-la-comunitat-valenciana-claus-per-a-leficiencia-energetica-en-llars-vulnerables\/#primaryimage"},"image":{"@id":"https:\/\/www.eapncv.org\/ca-val\/informat\/taller-en-linia-sobre-pobresa-energetica-a-la-comunitat-valenciana-claus-per-a-leficiencia-energetica-en-llars-vulnerables\/#primaryimage"},"thumbnailUrl":"https:\/\/www.eapncv.org\/wp-content\/uploads\/11J_Cartel_Taller_Pobreza_Energetica_C_Valenciana_ES-1.webp","datePublished":"2025-06-02T07:56:17+00:00","breadcrumb":{"@id":"https:\/\/www.eapncv.org\/ca-val\/informat\/taller-en-linia-sobre-pobresa-energetica-a-la-comunitat-valenciana-claus-per-a-leficiencia-energetica-en-llars-vulnerables\/#breadcrumb"},"inLanguage":"ca-val","potentialAction":[{"@type":"ReadAction","target":["https:\/\/www.eapncv.org\/ca-val\/informat\/taller-en-linia-sobre-pobresa-energetica-a-la-comunitat-valenciana-claus-per-a-leficiencia-energetica-en-llars-vulnerables\/"]}]},{"@type":"ImageObject","inLanguage":"ca-val","@id":"https:\/\/www.eapncv.org\/ca-val\/informat\/taller-en-linia-sobre-pobresa-energetica-a-la-comunitat-valenciana-claus-per-a-leficiencia-energetica-en-llars-vulnerables\/#primaryimage","url":"https:\/\/www.eapncv.org\/wp-content\/uploads\/11J_Cartel_Taller_Pobreza_Energetica_C_Valenciana_ES-1.webp","contentUrl":"https:\/\/www.eapncv.org\/wp-content\/uploads\/11J_Cartel_Taller_Pobreza_Energetica_C_Valenciana_ES-1.webp","width":1890,"height":1063},{"@type":"BreadcrumbList","@id":"https:\/\/www.eapncv.org\/ca-val\/informat\/taller-en-linia-sobre-pobresa-energetica-a-la-comunitat-valenciana-claus-per-a-leficiencia-energetica-en-llars-vulnerables\/#breadcrumb","itemListElement":[{"@type":"ListItem","position":1,"name":"Portada","item":"https:\/\/www.eapncv.org\/ca-val\/"},{"@type":"ListItem","position":2,"name":"Taller en l\u00ednia sobre pobresa energ\u00e8tica a la Comunitat Valenciana: claus per a l\u2019efici\u00e8ncia energ\u00e8tica en llars vulnerables"}]},{"@type":"WebSite","@id":"https:\/\/www.eapncv.org\/#website","url":"https:\/\/www.eapncv.org\/","name":"EAPN CV","description":"European Antipoverty Network \/ Xarxa Europea de Lluita contra la Pobresa","publisher":{"@id":"https:\/\/www.eapncv.org\/#organization"},"potentialAction":[{"@type":"SearchAction","target":{"@type":"EntryPoint","urlTemplate":"https:\/\/www.eapncv.org\/?s={search_term_string}"},"query-input":{"@type":"PropertyValueSpecification","valueRequired":true,"valueName":"search_term_string"}}],"inLanguage":"ca-val"},{"@type":"Organization","@id":"https:\/\/www.eapncv.org\/#organization","name":"EAPN CV","url":"https:\/\/www.eapncv.org\/","logo":{"@type":"ImageObject","inLanguage":"ca-val","@id":"https:\/\/www.eapncv.org\/#\/schema\/logo\/image\/","url":"https:\/\/www.eapncv.org\/wp-content\/uploads\/2020\/10\/logoeapnOK-2013.jpg","contentUrl":"https:\/\/www.eapncv.org\/wp-content\/uploads\/2020\/10\/logoeapnOK-2013.jpg","width":793,"height":287,"caption":"EAPN CV"},"image":{"@id":"https:\/\/www.eapncv.org\/#\/schema\/logo\/image\/"},"sameAs":["https:\/\/www.facebook.com\/EAPNCV","https:\/\/x.com\/xarxaeapncv","https:\/\/es.linkedin.com\/company\/eapn-cv"]},{"@type":"Person","@id":"https:\/\/www.eapncv.org\/#\/schema\/person\/7aac997d792e1fcb21a035002ed43467","name":"Secretaria EAPNCV","image":{"@type":"ImageObject","inLanguage":"ca-val","@id":"https:\/\/www.eapncv.org\/#\/schema\/person\/image\/","url":"https:\/\/secure.gravatar.com\/avatar\/aa140272539f20114066596ab3a85989e018d661e62bbdc9bbe371eaf0f1236d?s=96&d=mm&r=g","contentUrl":"https:\/\/secure.gravatar.com\/avatar\/aa140272539f20114066596ab3a85989e018d661e62bbdc9bbe371eaf0f1236d?s=96&d=mm&r=g","caption":"Secretaria EAPNCV"},"url":"https:\/\/www.eapncv.org\/ca-val\/author\/s3cr3t4r1a2_e4pncv\/"}]}},"_links":{"self":[{"href":"https:\/\/www.eapncv.org\/ca-val\/wp-json\/wp\/v2\/posts\/17614","targetHints":{"allow":["GET"]}}],"collection":[{"href":"https:\/\/www.eapncv.org\/ca-val\/wp-json\/wp\/v2\/posts"}],"about":[{"href":"https:\/\/www.eapncv.org\/ca-val\/wp-json\/wp\/v2\/types\/post"}],"author":[{"embeddable":true,"href":"https:\/\/www.eapncv.org\/ca-val\/wp-json\/wp\/v2\/users\/11"}],"replies":[{"embeddable":true,"href":"https:\/\/www.eapncv.org\/ca-val\/wp-json\/wp\/v2\/comments?post=17614"}],"version-history":[{"count":0,"href":"https:\/\/www.eapncv.org\/ca-val\/wp-json\/wp\/v2\/posts\/17614\/revisions"}],"wp:featuredmedia":[{"embeddable":true,"href":"https:\/\/www.eapncv.org\/ca-val\/wp-json\/wp\/v2\/media\/17090"}],"wp:attachment":[{"href":"https:\/\/www.eapncv.org\/ca-val\/wp-json\/wp\/v2\/media?parent=17614"}],"wp:term":[{"taxonomy":"category","embeddable":true,"href":"https:\/\/www.eapncv.org\/ca-val\/wp-json\/wp\/v2\/categories?post=17614"},{"taxonomy":"post_tag","embeddable":true,"href":"https:\/\/www.eapncv.org\/ca-val\/wp-json\/wp\/v2\/tags?post=17614"}],"curies":[{"name":"wp","href":"https:\/\/api.w.org\/{rel}","templated":true}]}}