{"id":17615,"date":"2025-05-27T12:08:15","date_gmt":"2025-05-27T10:08:15","guid":{"rendered":"https:\/\/www.eapncv.org\/informat\/eapn-cv-alerta-sobre-el-retroces-social-que-suposen-les-esmenes-aprovades-per-pp-i-vox-en-les-corts\/"},"modified":"2025-05-27T12:08:15","modified_gmt":"2025-05-27T10:08:15","slug":"eapn-cv-alerta-sobre-el-retroces-social-que-suposen-les-esmenes-aprovades-per-pp-i-vox-en-les-corts","status":"publish","type":"post","link":"https:\/\/www.eapncv.org\/ca-val\/informat\/eapn-cv-alerta-sobre-el-retroces-social-que-suposen-les-esmenes-aprovades-per-pp-i-vox-en-les-corts\/","title":{"rendered":"EAPN CV alerta sobre el retroc\u00e9s social que suposen les esmenes aprovades per PP i Vox en Les Corts"},"content":{"rendered":"<h3 style=\"text-align: center;\" data-start=\"277\" data-end=\"642\"><em> <a href=\"https:\/\/www.eapncv.org\/wp-content\/uploads\/INFORME-EAPN-CV-SOBRE-LAS-ENMIENDAS-DE-APROXIMACION-PRESENTADAS-Y-APROBADAS-POR-PP-y-VOX.pdf\">INFORME EAPN CV SOBRE LES ESMENES D\u2019APROXIMACI\u00d3 PRESENTADES I APROVADES PER PP I VOX<\/a><\/em><\/h3>\n<p data-start=\"644\" data-end=\"968\">D\u2019aquestes esmenes, 15 afecten directament els programes d\u2019Inclusi\u00f3, Igualtat i Habitatge, i suposen, segons EAPN CV, un <strong data-start=\"768\" data-end=\"813\">greu retroc\u00e9s en l\u2019enfocament de drets<\/strong>, eliminant o diluint conceptes clau com <em data-start=\"859\" data-end=\"867\">g\u00e8nere<\/em>, <em data-start=\"869\" data-end=\"880\">inclusi\u00f3<\/em>, <em data-start=\"882\" data-end=\"900\">canvi clim\u00e0tic<\/em>, <em data-start=\"902\" data-end=\"944\">Objectius de Desenvolupament Sostenible (ODS)<\/em> i <em data-start=\"947\" data-end=\"967\">persones migrants.<\/em><\/p>\n<blockquote data-start=\"970\" data-end=\"1213\">\n<p data-start=\"972\" data-end=\"1213\">\u201cNegar la viol\u00e8ncia de g\u00e8nere, invisibilitzar el canvi clim\u00e0tic o substituir inclusi\u00f3 per integraci\u00f3 no \u00e9s nom\u00e9s un canvi de paraules, sin\u00f3 un canvi de mirada que fa retrocedir d\u00e8cades en just\u00edcia social\u201d, denuncia la xarxa en el seu informe.<\/p>\n<\/blockquote>\n<p data-start=\"1215\" data-end=\"1675\">Entre els punts m\u00e9s preocupants de l\u2019an\u00e0lisi destaca la substituci\u00f3 de l\u2019enfocament d\u2019<strong data-start=\"1318\" data-end=\"1360\">inclusi\u00f3 social pel d\u2019integraci\u00f3,<\/strong> cosa que implica despla\u00e7ar la responsabilitat a les persones en situaci\u00f3 d\u2019exclusi\u00f3 en lloc de a les estructures socials. Tamb\u00e9 es denuncia el reempla\u00e7ament del programa d\u2019inclusi\u00f3 social de persones migrants per un d\u2019\u201cintegraci\u00f3 ciutadana\u201d, diluint l\u2019especificitat i necessitats concretes d\u2019este col\u00b7lectiu. <\/p>\n<p data-start=\"1215\" data-end=\"1675\">En el cas concret de la <strong>viol\u00e8ncia de g\u00e8nere<\/strong>, EAPN CV denuncia que s\u2019ha substitu\u00eft el terme per una formulaci\u00f3 ambigua de \u201cviol\u00e8ncia sobre la dona\u201d, una manera d\u2019emmascarar una realitat especialment greu en la Comunitat Valenciana: \u00ab\u00e9s la negaci\u00f3 d\u2019una realitat que fa que les dones estiguen m\u00e9s exposades a la precarietat, la viol\u00e8ncia masclista i la desigualtat en l\u2019acc\u00e9s a recursos i oportunitats.\u00bb<\/p>\n<p data-start=\"1677\" data-end=\"2098\">D\u2019altra banda, l\u2019eliminaci\u00f3 de les refer\u00e8ncies a l<strong data-start=\"1731\" data-end=\"1746\">\u2019Agenda 2030<\/strong> i als <strong data-start=\"1753\" data-end=\"1760\">ODS<\/strong> implica ignorar un marc internacional que vincula l\u2019eradicaci\u00f3 de la pobresa amb la sostenibilitat, l\u2019equitat de g\u00e8nere i la garantia de drets fonamentals. En paraules de la xarxa: \u201cNo parlar dels ODS \u00e9s renunciar a un comprom\u00eds global que afecta directament la qualitat de vida i el futur de les persones m\u00e9s vulnerables\u201d. <\/p>\n<p data-start=\"2100\" data-end=\"2477\">Aix\u00ed mateix, es q\u00fcestiona l\u2019<strong>eliminaci\u00f3 de refer\u00e8ncies al canvi clim\u00e0tic<\/strong>, especialment greu en un territori que ha patit recentment les conseq\u00fc\u00e8ncies de fen\u00f2mens extrems com la DANA de 2024. En este sentit, EAPN CV recorda que el canvi clim\u00e0tic afecta amb major intensitat les persones m\u00e9s vulnerables i que la seua negaci\u00f3 \u00e9s una forma de perpetuar la desigualtat. <\/p>\n<p data-start=\"2479\" data-end=\"2943\">Un altre aspecte destacat de l\u2019informe \u00e9s la cr\u00edtica a l\u2019ajuda de 250.000 euros a \u201cv\u00edctimes de l\u2019ocupaci\u00f3\u201d, que es financia retallant fons del programa <em data-start=\"2633\" data-end=\"2643\">Conviure<\/em> per a la rehabilitaci\u00f3 d\u2019habitatges. Segons la xarxa, aix\u00f2 representa una <strong data-start=\"2715\" data-end=\"2742\">prioritzaci\u00f3 equivocada<\/strong>, ja que l\u2019ocupaci\u00f3 no representa una problem\u00e0tica estesa en la Comunitat, mentre que la rehabilitaci\u00f3 d\u2019habitatges \u00e9s una necessitat urgent per a moltes fam\u00edlies en situaci\u00f3 de vulnerabilitat. <\/p>\n<p data-start=\"2945\" data-end=\"3103\">Des d\u2019EAPN CV es fa una crida a la responsabilitat institucional i al manteniment de pol\u00edtiques p\u00fabliques basades en drets i en evid\u00e8ncies socials:<\/p>\n<blockquote data-start=\"3105\" data-end=\"3340\">\n<p data-start=\"3107\" data-end=\"3340\">\u201cAquestes esmenes representen un retroc\u00e9s per a la cohesi\u00f3 social i posen en risc a qui m\u00e9s suport necessita. No podem normalitzar discursos ni pol\u00edtiques que invisibilitzen la desigualtat, el masclisme o l\u2019emerg\u00e8ncia clim\u00e0tica\u201d.<\/p>\n<\/blockquote>\n<p data-start=\"3342\" data-end=\"3903\">El document ser\u00e0 rem\u00e9s als grups parlamentaris de Les Corts i publicat en els nostres canals de comunicaci\u00f3. El passat 26 de maig, la representant d\u2019EAPN CV en el <strong data-start=\"3676\" data-end=\"3723\">Consell Valenci\u00e0 d\u2019Inclusi\u00f3 i Drets Socials<\/strong> va traslladar en la seua sessi\u00f3 plen\u00e0ria este mateix informe, previ a l\u2019aprovaci\u00f3 dels pressupostos el pr\u00f2xim 29 de maig en el ple de Les Corts. <\/p>\n<p data-start=\"3342\" data-end=\"3903\"> Pots consultar l\u2019informe complet ac\u00ed: <a href=\"https:\/\/www.eapncv.org\/wp-content\/uploads\/INFORME-EAPN-CV-SOBRE-LAS-ENMIENDAS-DE-APROXIMACION-PRESENTADAS-Y-APROBADAS-POR-PP-y-VOX.pdf\">INFORME EAPN CV SOBRE LES ESMENES D\u2019APROXIMACI\u00d3 PRESENTADES I APROVADES PER PP I VOX<\/a><\/p>\n","protected":false},"excerpt":{"rendered":"<p>INFORME EAPN CV SOBRE LES ESMENES D\u2019APROXIMACI\u00d3 PRESENTADES I APROVADES PER PP I VOX D\u2019aquestes esmenes, 15 afecten directament els programes d\u2019Inclusi\u00f3, Igualtat i Habitatge, i suposen, segons EAPN CV, un greu retroc\u00e9s en l\u2019enfocament de drets, eliminant o diluint conceptes clau com g\u00e8nere, inclusi\u00f3, canvi clim\u00e0tic, Objectius de Desenvolupament Sostenible (ODS) i persones migrants. [&hellip;]<\/p>\n","protected":false},"author":11,"featured_media":17084,"comment_status":"open","ping_status":"open","sticky":false,"template":"","format":"standard","meta":{"_acf_changed":false,"_et_pb_use_builder":"","_et_pb_old_content":"","_et_gb_content_width":"","footnotes":""},"categories":[81,29,82],"tags":[],"class_list":["post-17615","post","type-post","status-publish","format-standard","has-post-thumbnail","hentry","category-incidencia-ca-val","category-informat","category-sensibilitzacio"],"acf":[],"yoast_head":"<!-- This site is optimized with the Yoast SEO Premium plugin v24.5 (Yoast SEO v27.0) - https:\/\/yoast.com\/product\/yoast-seo-premium-wordpress\/ -->\n<title>EAPN CV alerta sobre el retroc\u00e9s social que suposen les esmenes aprovades per PP i Vox en Les Corts - EAPN CV<\/title>\n<meta name=\"robots\" content=\"index, follow, max-snippet:-1, max-image-preview:large, max-video-preview:-1\" \/>\n<link rel=\"canonical\" href=\"https:\/\/www.eapncv.org\/ca-val\/informat\/eapn-cv-alerta-sobre-el-retroces-social-que-suposen-les-esmenes-aprovades-per-pp-i-vox-en-les-corts\/\" \/>\n<meta property=\"og:locale\" content=\"en_US\" \/>\n<meta property=\"og:type\" content=\"article\" \/>\n<meta property=\"og:title\" content=\"EAPN CV alerta sobre el retroc\u00e9s social que suposen les esmenes aprovades per PP i Vox en Les Corts\" \/>\n<meta property=\"og:description\" content=\"INFORME EAPN CV SOBRE LES ESMENES D\u2019APROXIMACI\u00d3 PRESENTADES I APROVADES PER PP I VOX D\u2019aquestes esmenes, 15 afecten directament els programes d\u2019Inclusi\u00f3, Igualtat i Habitatge, i suposen, segons EAPN CV, un greu retroc\u00e9s en l\u2019enfocament de drets, eliminant o diluint conceptes clau com g\u00e8nere, inclusi\u00f3, canvi clim\u00e0tic, Objectius de Desenvolupament Sostenible (ODS) i persones migrants. [&hellip;]\" \/>\n<meta property=\"og:url\" content=\"https:\/\/www.eapncv.org\/ca-val\/informat\/eapn-cv-alerta-sobre-el-retroces-social-que-suposen-les-esmenes-aprovades-per-pp-i-vox-en-les-corts\/\" \/>\n<meta property=\"og:site_name\" content=\"EAPN CV\" \/>\n<meta property=\"article:publisher\" content=\"https:\/\/www.facebook.com\/EAPNCV\" \/>\n<meta property=\"article:published_time\" content=\"2025-05-27T10:08:15+00:00\" \/>\n<meta property=\"og:image\" content=\"https:\/\/www.eapncv.org\/wp-content\/uploads\/1-14.webp\" \/>\n\t<meta property=\"og:image:width\" content=\"1890\" \/>\n\t<meta property=\"og:image:height\" content=\"1063\" \/>\n\t<meta property=\"og:image:type\" content=\"image\/jpeg\" \/>\n<meta name=\"author\" content=\"Secretaria EAPNCV\" \/>\n<meta name=\"twitter:card\" content=\"summary_large_image\" \/>\n<meta name=\"twitter:creator\" content=\"@xarxaeapncv\" \/>\n<meta name=\"twitter:site\" content=\"@xarxaeapncv\" \/>\n<meta name=\"twitter:label1\" content=\"Written by\" \/>\n\t<meta name=\"twitter:data1\" content=\"Secretaria EAPNCV\" \/>\n\t<meta name=\"twitter:label2\" content=\"Est. reading time\" \/>\n\t<meta name=\"twitter:data2\" content=\"3 minutes\" \/>\n<script type=\"application\/ld+json\" class=\"yoast-schema-graph\">{\"@context\":\"https:\/\/schema.org\",\"@graph\":[{\"@type\":\"Article\",\"@id\":\"https:\/\/www.eapncv.org\/ca-val\/informat\/eapn-cv-alerta-sobre-el-retroces-social-que-suposen-les-esmenes-aprovades-per-pp-i-vox-en-les-corts\/#article\",\"isPartOf\":{\"@id\":\"https:\/\/www.eapncv.org\/ca-val\/informat\/eapn-cv-alerta-sobre-el-retroces-social-que-suposen-les-esmenes-aprovades-per-pp-i-vox-en-les-corts\/\"},\"author\":{\"name\":\"Secretaria EAPNCV\",\"@id\":\"https:\/\/www.eapncv.org\/#\/schema\/person\/7aac997d792e1fcb21a035002ed43467\"},\"headline\":\"EAPN CV alerta sobre el retroc\u00e9s social que suposen les esmenes aprovades per PP i Vox en Les Corts\",\"datePublished\":\"2025-05-27T10:08:15+00:00\",\"mainEntityOfPage\":{\"@id\":\"https:\/\/www.eapncv.org\/ca-val\/informat\/eapn-cv-alerta-sobre-el-retroces-social-que-suposen-les-esmenes-aprovades-per-pp-i-vox-en-les-corts\/\"},\"wordCount\":644,\"commentCount\":0,\"publisher\":{\"@id\":\"https:\/\/www.eapncv.org\/#organization\"},\"image\":{\"@id\":\"https:\/\/www.eapncv.org\/ca-val\/informat\/eapn-cv-alerta-sobre-el-retroces-social-que-suposen-les-esmenes-aprovades-per-pp-i-vox-en-les-corts\/#primaryimage\"},\"thumbnailUrl\":\"https:\/\/www.eapncv.org\/wp-content\/uploads\/1-14.webp\",\"articleSection\":[\"Incid\u00e8ncia\",\"INFORMA'T\",\"Sensibilitzaci\u00f3\"],\"inLanguage\":\"ca-val\",\"potentialAction\":[{\"@type\":\"CommentAction\",\"name\":\"Comment\",\"target\":[\"https:\/\/www.eapncv.org\/ca-val\/informat\/eapn-cv-alerta-sobre-el-retroces-social-que-suposen-les-esmenes-aprovades-per-pp-i-vox-en-les-corts\/#respond\"]}]},{\"@type\":\"WebPage\",\"@id\":\"https:\/\/www.eapncv.org\/ca-val\/informat\/eapn-cv-alerta-sobre-el-retroces-social-que-suposen-les-esmenes-aprovades-per-pp-i-vox-en-les-corts\/\",\"url\":\"https:\/\/www.eapncv.org\/ca-val\/informat\/eapn-cv-alerta-sobre-el-retroces-social-que-suposen-les-esmenes-aprovades-per-pp-i-vox-en-les-corts\/\",\"name\":\"EAPN CV alerta sobre el retroc\u00e9s social que suposen les esmenes aprovades per PP i Vox en Les Corts - EAPN CV\",\"isPartOf\":{\"@id\":\"https:\/\/www.eapncv.org\/#website\"},\"primaryImageOfPage\":{\"@id\":\"https:\/\/www.eapncv.org\/ca-val\/informat\/eapn-cv-alerta-sobre-el-retroces-social-que-suposen-les-esmenes-aprovades-per-pp-i-vox-en-les-corts\/#primaryimage\"},\"image\":{\"@id\":\"https:\/\/www.eapncv.org\/ca-val\/informat\/eapn-cv-alerta-sobre-el-retroces-social-que-suposen-les-esmenes-aprovades-per-pp-i-vox-en-les-corts\/#primaryimage\"},\"thumbnailUrl\":\"https:\/\/www.eapncv.org\/wp-content\/uploads\/1-14.webp\",\"datePublished\":\"2025-05-27T10:08:15+00:00\",\"breadcrumb\":{\"@id\":\"https:\/\/www.eapncv.org\/ca-val\/informat\/eapn-cv-alerta-sobre-el-retroces-social-que-suposen-les-esmenes-aprovades-per-pp-i-vox-en-les-corts\/#breadcrumb\"},\"inLanguage\":\"ca-val\",\"potentialAction\":[{\"@type\":\"ReadAction\",\"target\":[\"https:\/\/www.eapncv.org\/ca-val\/informat\/eapn-cv-alerta-sobre-el-retroces-social-que-suposen-les-esmenes-aprovades-per-pp-i-vox-en-les-corts\/\"]}]},{\"@type\":\"ImageObject\",\"inLanguage\":\"ca-val\",\"@id\":\"https:\/\/www.eapncv.org\/ca-val\/informat\/eapn-cv-alerta-sobre-el-retroces-social-que-suposen-les-esmenes-aprovades-per-pp-i-vox-en-les-corts\/#primaryimage\",\"url\":\"https:\/\/www.eapncv.org\/wp-content\/uploads\/1-14.webp\",\"contentUrl\":\"https:\/\/www.eapncv.org\/wp-content\/uploads\/1-14.webp\",\"width\":1890,\"height\":1063},{\"@type\":\"BreadcrumbList\",\"@id\":\"https:\/\/www.eapncv.org\/ca-val\/informat\/eapn-cv-alerta-sobre-el-retroces-social-que-suposen-les-esmenes-aprovades-per-pp-i-vox-en-les-corts\/#breadcrumb\",\"itemListElement\":[{\"@type\":\"ListItem\",\"position\":1,\"name\":\"Portada\",\"item\":\"https:\/\/www.eapncv.org\/ca-val\/\"},{\"@type\":\"ListItem\",\"position\":2,\"name\":\"EAPN CV alerta sobre el retroc\u00e9s social que suposen les esmenes aprovades per PP i Vox en Les Corts\"}]},{\"@type\":\"WebSite\",\"@id\":\"https:\/\/www.eapncv.org\/#website\",\"url\":\"https:\/\/www.eapncv.org\/\",\"name\":\"EAPN CV\",\"description\":\"European Antipoverty Network \/ Xarxa Europea de Lluita contra la Pobresa\",\"publisher\":{\"@id\":\"https:\/\/www.eapncv.org\/#organization\"},\"potentialAction\":[{\"@type\":\"SearchAction\",\"target\":{\"@type\":\"EntryPoint\",\"urlTemplate\":\"https:\/\/www.eapncv.org\/?s={search_term_string}\"},\"query-input\":{\"@type\":\"PropertyValueSpecification\",\"valueRequired\":true,\"valueName\":\"search_term_string\"}}],\"inLanguage\":\"ca-val\"},{\"@type\":\"Organization\",\"@id\":\"https:\/\/www.eapncv.org\/#organization\",\"name\":\"EAPN CV\",\"url\":\"https:\/\/www.eapncv.org\/\",\"logo\":{\"@type\":\"ImageObject\",\"inLanguage\":\"ca-val\",\"@id\":\"https:\/\/www.eapncv.org\/#\/schema\/logo\/image\/\",\"url\":\"https:\/\/www.eapncv.org\/wp-content\/uploads\/2020\/10\/logoeapnOK-2013.jpg\",\"contentUrl\":\"https:\/\/www.eapncv.org\/wp-content\/uploads\/2020\/10\/logoeapnOK-2013.jpg\",\"width\":793,\"height\":287,\"caption\":\"EAPN CV\"},\"image\":{\"@id\":\"https:\/\/www.eapncv.org\/#\/schema\/logo\/image\/\"},\"sameAs\":[\"https:\/\/www.facebook.com\/EAPNCV\",\"https:\/\/x.com\/xarxaeapncv\",\"https:\/\/es.linkedin.com\/company\/eapn-cv\"]},{\"@type\":\"Person\",\"@id\":\"https:\/\/www.eapncv.org\/#\/schema\/person\/7aac997d792e1fcb21a035002ed43467\",\"name\":\"Secretaria EAPNCV\",\"image\":{\"@type\":\"ImageObject\",\"inLanguage\":\"ca-val\",\"@id\":\"https:\/\/www.eapncv.org\/#\/schema\/person\/image\/\",\"url\":\"https:\/\/secure.gravatar.com\/avatar\/aa140272539f20114066596ab3a85989e018d661e62bbdc9bbe371eaf0f1236d?s=96&d=mm&r=g\",\"contentUrl\":\"https:\/\/secure.gravatar.com\/avatar\/aa140272539f20114066596ab3a85989e018d661e62bbdc9bbe371eaf0f1236d?s=96&d=mm&r=g\",\"caption\":\"Secretaria EAPNCV\"},\"url\":\"https:\/\/www.eapncv.org\/ca-val\/author\/s3cr3t4r1a2_e4pncv\/\"}]}<\/script>\n<!-- \/ Yoast SEO Premium plugin. -->","yoast_head_json":{"title":"EAPN CV alerta sobre el retroc\u00e9s social que suposen les esmenes aprovades per PP i Vox en Les Corts - EAPN CV","robots":{"index":"index","follow":"follow","max-snippet":"max-snippet:-1","max-image-preview":"max-image-preview:large","max-video-preview":"max-video-preview:-1"},"canonical":"https:\/\/www.eapncv.org\/ca-val\/informat\/eapn-cv-alerta-sobre-el-retroces-social-que-suposen-les-esmenes-aprovades-per-pp-i-vox-en-les-corts\/","og_locale":"en_US","og_type":"article","og_title":"EAPN CV alerta sobre el retroc\u00e9s social que suposen les esmenes aprovades per PP i Vox en Les Corts","og_description":"INFORME EAPN CV SOBRE LES ESMENES D\u2019APROXIMACI\u00d3 PRESENTADES I APROVADES PER PP I VOX D\u2019aquestes esmenes, 15 afecten directament els programes d\u2019Inclusi\u00f3, Igualtat i Habitatge, i suposen, segons EAPN CV, un greu retroc\u00e9s en l\u2019enfocament de drets, eliminant o diluint conceptes clau com g\u00e8nere, inclusi\u00f3, canvi clim\u00e0tic, Objectius de Desenvolupament Sostenible (ODS) i persones migrants. [&hellip;]","og_url":"https:\/\/www.eapncv.org\/ca-val\/informat\/eapn-cv-alerta-sobre-el-retroces-social-que-suposen-les-esmenes-aprovades-per-pp-i-vox-en-les-corts\/","og_site_name":"EAPN CV","article_publisher":"https:\/\/www.facebook.com\/EAPNCV","article_published_time":"2025-05-27T10:08:15+00:00","og_image":[{"width":1890,"height":1063,"url":"https:\/\/www.eapncv.org\/wp-content\/uploads\/1-14.webp","type":"image\/jpeg"}],"author":"Secretaria EAPNCV","twitter_card":"summary_large_image","twitter_creator":"@xarxaeapncv","twitter_site":"@xarxaeapncv","twitter_misc":{"Written by":"Secretaria EAPNCV","Est. reading time":"3 minutes"},"schema":{"@context":"https:\/\/schema.org","@graph":[{"@type":"Article","@id":"https:\/\/www.eapncv.org\/ca-val\/informat\/eapn-cv-alerta-sobre-el-retroces-social-que-suposen-les-esmenes-aprovades-per-pp-i-vox-en-les-corts\/#article","isPartOf":{"@id":"https:\/\/www.eapncv.org\/ca-val\/informat\/eapn-cv-alerta-sobre-el-retroces-social-que-suposen-les-esmenes-aprovades-per-pp-i-vox-en-les-corts\/"},"author":{"name":"Secretaria EAPNCV","@id":"https:\/\/www.eapncv.org\/#\/schema\/person\/7aac997d792e1fcb21a035002ed43467"},"headline":"EAPN CV alerta sobre el retroc\u00e9s social que suposen les esmenes aprovades per PP i Vox en Les Corts","datePublished":"2025-05-27T10:08:15+00:00","mainEntityOfPage":{"@id":"https:\/\/www.eapncv.org\/ca-val\/informat\/eapn-cv-alerta-sobre-el-retroces-social-que-suposen-les-esmenes-aprovades-per-pp-i-vox-en-les-corts\/"},"wordCount":644,"commentCount":0,"publisher":{"@id":"https:\/\/www.eapncv.org\/#organization"},"image":{"@id":"https:\/\/www.eapncv.org\/ca-val\/informat\/eapn-cv-alerta-sobre-el-retroces-social-que-suposen-les-esmenes-aprovades-per-pp-i-vox-en-les-corts\/#primaryimage"},"thumbnailUrl":"https:\/\/www.eapncv.org\/wp-content\/uploads\/1-14.webp","articleSection":["Incid\u00e8ncia","INFORMA'T","Sensibilitzaci\u00f3"],"inLanguage":"ca-val","potentialAction":[{"@type":"CommentAction","name":"Comment","target":["https:\/\/www.eapncv.org\/ca-val\/informat\/eapn-cv-alerta-sobre-el-retroces-social-que-suposen-les-esmenes-aprovades-per-pp-i-vox-en-les-corts\/#respond"]}]},{"@type":"WebPage","@id":"https:\/\/www.eapncv.org\/ca-val\/informat\/eapn-cv-alerta-sobre-el-retroces-social-que-suposen-les-esmenes-aprovades-per-pp-i-vox-en-les-corts\/","url":"https:\/\/www.eapncv.org\/ca-val\/informat\/eapn-cv-alerta-sobre-el-retroces-social-que-suposen-les-esmenes-aprovades-per-pp-i-vox-en-les-corts\/","name":"EAPN CV alerta sobre el retroc\u00e9s social que suposen les esmenes aprovades per PP i Vox en Les Corts - EAPN CV","isPartOf":{"@id":"https:\/\/www.eapncv.org\/#website"},"primaryImageOfPage":{"@id":"https:\/\/www.eapncv.org\/ca-val\/informat\/eapn-cv-alerta-sobre-el-retroces-social-que-suposen-les-esmenes-aprovades-per-pp-i-vox-en-les-corts\/#primaryimage"},"image":{"@id":"https:\/\/www.eapncv.org\/ca-val\/informat\/eapn-cv-alerta-sobre-el-retroces-social-que-suposen-les-esmenes-aprovades-per-pp-i-vox-en-les-corts\/#primaryimage"},"thumbnailUrl":"https:\/\/www.eapncv.org\/wp-content\/uploads\/1-14.webp","datePublished":"2025-05-27T10:08:15+00:00","breadcrumb":{"@id":"https:\/\/www.eapncv.org\/ca-val\/informat\/eapn-cv-alerta-sobre-el-retroces-social-que-suposen-les-esmenes-aprovades-per-pp-i-vox-en-les-corts\/#breadcrumb"},"inLanguage":"ca-val","potentialAction":[{"@type":"ReadAction","target":["https:\/\/www.eapncv.org\/ca-val\/informat\/eapn-cv-alerta-sobre-el-retroces-social-que-suposen-les-esmenes-aprovades-per-pp-i-vox-en-les-corts\/"]}]},{"@type":"ImageObject","inLanguage":"ca-val","@id":"https:\/\/www.eapncv.org\/ca-val\/informat\/eapn-cv-alerta-sobre-el-retroces-social-que-suposen-les-esmenes-aprovades-per-pp-i-vox-en-les-corts\/#primaryimage","url":"https:\/\/www.eapncv.org\/wp-content\/uploads\/1-14.webp","contentUrl":"https:\/\/www.eapncv.org\/wp-content\/uploads\/1-14.webp","width":1890,"height":1063},{"@type":"BreadcrumbList","@id":"https:\/\/www.eapncv.org\/ca-val\/informat\/eapn-cv-alerta-sobre-el-retroces-social-que-suposen-les-esmenes-aprovades-per-pp-i-vox-en-les-corts\/#breadcrumb","itemListElement":[{"@type":"ListItem","position":1,"name":"Portada","item":"https:\/\/www.eapncv.org\/ca-val\/"},{"@type":"ListItem","position":2,"name":"EAPN CV alerta sobre el retroc\u00e9s social que suposen les esmenes aprovades per PP i Vox en Les Corts"}]},{"@type":"WebSite","@id":"https:\/\/www.eapncv.org\/#website","url":"https:\/\/www.eapncv.org\/","name":"EAPN CV","description":"European Antipoverty Network \/ Xarxa Europea de Lluita contra la Pobresa","publisher":{"@id":"https:\/\/www.eapncv.org\/#organization"},"potentialAction":[{"@type":"SearchAction","target":{"@type":"EntryPoint","urlTemplate":"https:\/\/www.eapncv.org\/?s={search_term_string}"},"query-input":{"@type":"PropertyValueSpecification","valueRequired":true,"valueName":"search_term_string"}}],"inLanguage":"ca-val"},{"@type":"Organization","@id":"https:\/\/www.eapncv.org\/#organization","name":"EAPN CV","url":"https:\/\/www.eapncv.org\/","logo":{"@type":"ImageObject","inLanguage":"ca-val","@id":"https:\/\/www.eapncv.org\/#\/schema\/logo\/image\/","url":"https:\/\/www.eapncv.org\/wp-content\/uploads\/2020\/10\/logoeapnOK-2013.jpg","contentUrl":"https:\/\/www.eapncv.org\/wp-content\/uploads\/2020\/10\/logoeapnOK-2013.jpg","width":793,"height":287,"caption":"EAPN CV"},"image":{"@id":"https:\/\/www.eapncv.org\/#\/schema\/logo\/image\/"},"sameAs":["https:\/\/www.facebook.com\/EAPNCV","https:\/\/x.com\/xarxaeapncv","https:\/\/es.linkedin.com\/company\/eapn-cv"]},{"@type":"Person","@id":"https:\/\/www.eapncv.org\/#\/schema\/person\/7aac997d792e1fcb21a035002ed43467","name":"Secretaria EAPNCV","image":{"@type":"ImageObject","inLanguage":"ca-val","@id":"https:\/\/www.eapncv.org\/#\/schema\/person\/image\/","url":"https:\/\/secure.gravatar.com\/avatar\/aa140272539f20114066596ab3a85989e018d661e62bbdc9bbe371eaf0f1236d?s=96&d=mm&r=g","contentUrl":"https:\/\/secure.gravatar.com\/avatar\/aa140272539f20114066596ab3a85989e018d661e62bbdc9bbe371eaf0f1236d?s=96&d=mm&r=g","caption":"Secretaria EAPNCV"},"url":"https:\/\/www.eapncv.org\/ca-val\/author\/s3cr3t4r1a2_e4pncv\/"}]}},"_links":{"self":[{"href":"https:\/\/www.eapncv.org\/ca-val\/wp-json\/wp\/v2\/posts\/17615","targetHints":{"allow":["GET"]}}],"collection":[{"href":"https:\/\/www.eapncv.org\/ca-val\/wp-json\/wp\/v2\/posts"}],"about":[{"href":"https:\/\/www.eapncv.org\/ca-val\/wp-json\/wp\/v2\/types\/post"}],"author":[{"embeddable":true,"href":"https:\/\/www.eapncv.org\/ca-val\/wp-json\/wp\/v2\/users\/11"}],"replies":[{"embeddable":true,"href":"https:\/\/www.eapncv.org\/ca-val\/wp-json\/wp\/v2\/comments?post=17615"}],"version-history":[{"count":0,"href":"https:\/\/www.eapncv.org\/ca-val\/wp-json\/wp\/v2\/posts\/17615\/revisions"}],"wp:featuredmedia":[{"embeddable":true,"href":"https:\/\/www.eapncv.org\/ca-val\/wp-json\/wp\/v2\/media\/17084"}],"wp:attachment":[{"href":"https:\/\/www.eapncv.org\/ca-val\/wp-json\/wp\/v2\/media?parent=17615"}],"wp:term":[{"taxonomy":"category","embeddable":true,"href":"https:\/\/www.eapncv.org\/ca-val\/wp-json\/wp\/v2\/categories?post=17615"},{"taxonomy":"post_tag","embeddable":true,"href":"https:\/\/www.eapncv.org\/ca-val\/wp-json\/wp\/v2\/tags?post=17615"}],"curies":[{"name":"wp","href":"https:\/\/api.w.org\/{rel}","templated":true}]}}