{"id":17626,"date":"2025-09-11T10:33:24","date_gmt":"2025-09-11T08:33:24","guid":{"rendered":"https:\/\/www.eapncv.org\/informat\/eapn-cv-posa-en-marxa-les-ii-trobades-provincials-sobre-el-dret-a-lhabitatge\/"},"modified":"2025-09-18T08:19:26","modified_gmt":"2025-09-18T06:19:26","slug":"eapn-cv-posa-en-marxa-les-ii-trobades-provincials-sobre-el-dret-a-lhabitatge","status":"publish","type":"post","link":"https:\/\/www.eapncv.org\/ca-val\/incidencia-ca-val\/eapn-cv-posa-en-marxa-les-ii-trobades-provincials-sobre-el-dret-a-lhabitatge\/","title":{"rendered":"EAPN CV pone en marcha los Encuentros Provinciales de participaci\u00f3n sobre el derecho a la vivienda"},"content":{"rendered":"<h3 data-start=\"105\" data-end=\"635\"><a href=\"https:\/\/forms.office.com\/e\/aTsQAuAGWE\"><strong>INSCRIPCIONS AC\u00cd<\/strong><\/a><\/h3>\n<p data-start=\"105\" data-end=\"635\">EAPN Comunitat Valenciana ha iniciat la segona fase del seu proc\u00e9s participatiu centrat en el dret a l\u2019habitatge amb la convocat\u00f2ria de les <strong data-start=\"251\" data-end=\"298\">II Trobades Provincials de Participaci\u00f3<\/strong>, que se celebraran a finals de setembre i principis d\u2019octubre a Val\u00e8ncia, Alacant i Castell\u00f3. Aquestes jornades \u2014que tenen lloc en el marc del vint\u00e8 aniversari de la xarxa\u2014 pretenen traslladar la veu de les persones en situaci\u00f3 de vulnerabilitat als espais de decisi\u00f3 p\u00fablica i generar propostes d\u2019incid\u00e8ncia pol\u00edtica real.  <\/p>\n<p data-start=\"637\" data-end=\"1290\">Les sessions territorials arrancaran a Val\u00e8ncia el <strong data-start=\"690\" data-end=\"718\">30 de setembre de 2025<\/strong> al Centre del Carme Cultura Contempor\u00e0nia; continuaran a Alacant l\u2019<strong data-start=\"792\" data-end=\"816\">1 d\u2019octubre de 2025<\/strong> al Museu Arqueol\u00f2gic Provincial MARQ; i conclouran la fase provincial a Castell\u00f3 el <strong data-start=\"905\" data-end=\"929\">3 d\u2019octubre de 2025<\/strong> al Planetari de Castell\u00f3. L\u2019organitzaci\u00f3 recorda que, a m\u00e9s d\u2019aquestes trobades provincials, est\u00e0 prevista la celebraci\u00f3 d\u2019una <strong data-start=\"1065\" data-end=\"1089\">trobada auton\u00f2mica <\/strong>en qu\u00e8 es sistematitzaran les propostes territorials i s\u2019obrir\u00e0 un di\u00e0leg m\u00e9s ampli amb responsables auton\u00f2mics; la data d\u2019aquesta trobada encara est\u00e0 pendent de confirmaci\u00f3 i es comunicar\u00e0 pr\u00f2ximament. <\/p>\n<p data-start=\"1292\" data-end=\"1888\">Sota el t\u00edtol en valenci\u00e0 <strong data-start=\"1321\" data-end=\"1404\">\u201cL\u2019Habitatge \u00e9s un Dret: Cultura i Participaci\u00f3 per a transformar el Territori\u201d<\/strong>, les jornades combinen din\u00e0miques participatives i taules de di\u00e0leg pol\u00edtic-social. La metodologia prevista prioritza l\u2019escolta directa: en primer lloc, les persones participants \u2014procedents de les entitats membres d\u2019EAPN CV\u2014 compartiran diagn\u00f2stics i experi\u00e8ncies sobre les barreres d\u2019acc\u00e9s i perman\u00e8ncia en una habitatge digne; a continuaci\u00f3, es consensuaran propostes i una pregunta priorit\u00e0ria que es traslladar\u00e0 a les administracions presents per a la seua valoraci\u00f3 i debat. <\/p>\n<p data-start=\"1890\" data-end=\"2487\">La convocat\u00f2ria posa el focus en problemes estructurals que afecten sectors diversos \u2014persones joves, fam\u00edlies monoparentals, persones migrades, persones amb discapacitat o amb problemes de salut\u2014 i en situacions concretes com la precarietat del lloguer, els desnonaments, el sinhogarisme o les dificultats administratives (empadronament, contractes, acc\u00e9s a ajudes). A cada prov\u00edncia s\u2019ha convidat representants municipals, provincials i territorials amb l\u2019objectiu de facilitar una interlocuci\u00f3 \u00e0mplia i representativa, sempre respectant les compet\u00e8ncies de cada administraci\u00f3. <\/p>\n<p data-start=\"2489\" data-end=\"2849\">EAPN CV destaca que aquest proc\u00e9s no es limita a recollir demandes: es pret\u00e9n transformar l\u2019experi\u00e8ncia viscuda en propostes concretes de pol\u00edtica p\u00fablica. Per a aix\u00f2, les propostes sorgides a les taules provincials es traslladaran a la trobada auton\u00f2mica, on es buscar\u00e0 obrir vies de comprom\u00eds i seguiment per part de les administracions competents. <\/p>\n<p data-start=\"2072\" data-end=\"2122\">La estructura de les jornades (model):<\/p>\n<ul data-start=\"2123\" data-end=\"2599\">\n<li data-start=\"2123\" data-end=\"2177\">\n<p data-start=\"2125\" data-end=\"2177\"><strong data-start=\"2125\" data-end=\"2136\">10:00 h<\/strong> \u2014 Benvinguda institucional i cultural.<\/p>\n<\/li>\n<li data-start=\"2178\" data-end=\"2258\">\n<p data-start=\"2180\" data-end=\"2258\"><strong data-start=\"2180\" data-end=\"2191\">10:15 h<\/strong> \u2014 Construcci\u00f3 col\u00b7lectiva de propostes (din\u00e0mica participativa).<\/p>\n<\/li>\n<li data-start=\"2259\" data-end=\"2286\">\n<p data-start=\"2261\" data-end=\"2286\"><strong data-start=\"2261\" data-end=\"2272\">10:55 h<\/strong> \u2014 Descans.<\/p>\n<\/li>\n<li data-start=\"2287\" data-end=\"2399\">\n<p data-start=\"2289\" data-end=\"2399\"><strong data-start=\"2289\" data-end=\"2300\">11:15 h<\/strong> \u2014 Definici\u00f3 de propostes priorit\u00e0ries i formulaci\u00f3 d\u2019una pregunta per a les administracions.<\/p>\n<\/li>\n<li data-start=\"2400\" data-end=\"2494\">\n<p data-start=\"2402\" data-end=\"2494\"><strong data-start=\"2402\" data-end=\"2413\">11:30 h<\/strong> \u2014 Taula de di\u00e0leg pol\u00edtic-social amb representants institucionals (60 min).<\/p>\n<\/li>\n<li data-start=\"2495\" data-end=\"2544\">\n<p data-start=\"2497\" data-end=\"2544\"><strong data-start=\"2497\" data-end=\"2508\">12:15 h<\/strong> \u2014 Torn de preguntes del p\u00fablic.<\/p>\n<\/li>\n<li data-start=\"2545\" data-end=\"2599\">\n<p data-start=\"2547\" data-end=\"2599\"><strong data-start=\"2547\" data-end=\"2558\">13:00 h<\/strong> \u2014 Visita cultural o activitat de cloenda.<\/p>\n<\/li>\n<\/ul>\n<p data-start=\"2851\" data-end=\"3307\">Aquestes activitats formen part del programa<strong data-start=\"2895\" data-end=\"2983\"> \u201cEAPN CV: Participaci\u00f3 en xarxa per a la Inclusi\u00f3 Social i el desenvolupament comunitari\u201d<\/strong>, finan\u00e7at en la l\u00ednia de Projectes d\u2019inclusi\u00f3 i desenvolupament comunitari per la Conselleria de Serveis Socials, Igualtat i Habitatge. El calendari i l\u2019organitzaci\u00f3 de les jornades han estat dissenyats per a facilitar la participaci\u00f3 de persones amb traject\u00f2ries i nivells d\u2019acc\u00e9s a la participaci\u00f3 p\u00fablica diversos. <\/p>\n<p data-start=\"2851\" data-end=\"3307\"><a href=\"https:\/\/www.eapncv.org\/wp-content\/uploads\/II-TROBADA-PROVINCIAL-ALACANT-2.pdf\" target=\"_blank\" rel=\"noopener\">II TROBADA PROVINCIAL ALACANT<\/a><br \/>\n<a href=\"https:\/\/www.eapncv.org\/wp-content\/uploads\/II-TROBADA-PROVINCIAL-CASTELLO-2.pdf\" target=\"_blank\" rel=\"noopener\">II TROBADA PROVINCIAL CASTELL\u00d3<\/a><br \/>\n<a href=\"https:\/\/www.eapncv.org\/wp-content\/uploads\/II-TROBADA-PROVINCIAL-VALENCIA.pdf\" target=\"_blank\" rel=\"noopener\">II TROBADA PROVINCIAL VAL\u00c8NCIA<\/a><\/p>\n<h3 data-start=\"105\" data-end=\"635\"><a href=\"https:\/\/forms.office.com\/e\/aTsQAuAGWE\"><strong>INSCRIPCIONS AC\u00cd<\/strong><\/a><\/h3>\n","protected":false},"excerpt":{"rendered":"<p>INSCRIPCIONS AC\u00cd EAPN Comunitat Valenciana ha iniciat la segona fase del seu proc\u00e9s participatiu centrat en el dret a l\u2019habitatge amb la convocat\u00f2ria de les II Trobades Provincials de Participaci\u00f3, que se celebraran a finals de setembre i principis d\u2019octubre a Val\u00e8ncia, Alacant i Castell\u00f3. Aquestes jornades \u2014que tenen lloc en el marc del vint\u00e8 [&hellip;]<\/p>\n","protected":false},"author":11,"featured_media":17624,"comment_status":"open","ping_status":"closed","sticky":false,"template":"","format":"standard","meta":{"_acf_changed":false,"_et_pb_use_builder":"","_et_pb_old_content":"","_et_gb_content_width":"","footnotes":""},"categories":[87,81,86],"tags":[],"class_list":["post-17626","post","type-post","status-publish","format-standard","has-post-thumbnail","hentry","category-habitatge","category-incidencia-ca-val","category-participacio"],"acf":[],"yoast_head":"<!-- This site is optimized with the Yoast SEO Premium plugin v24.5 (Yoast SEO v27.0) - https:\/\/yoast.com\/product\/yoast-seo-premium-wordpress\/ -->\n<title>EAPN CV pone en marcha los Encuentros Provinciales de participaci\u00f3n sobre el derecho a la vivienda - EAPN CV<\/title>\n<meta name=\"robots\" content=\"index, follow, max-snippet:-1, max-image-preview:large, max-video-preview:-1\" \/>\n<link rel=\"canonical\" href=\"https:\/\/www.eapncv.org\/ca-val\/incidencia-ca-val\/eapn-cv-posa-en-marxa-les-ii-trobades-provincials-sobre-el-dret-a-lhabitatge\/\" \/>\n<meta property=\"og:locale\" content=\"en_US\" \/>\n<meta property=\"og:type\" content=\"article\" \/>\n<meta property=\"og:title\" content=\"EAPN CV pone en marcha los Encuentros Provinciales de participaci\u00f3n sobre el derecho a la vivienda\" \/>\n<meta property=\"og:description\" content=\"INSCRIPCIONS AC\u00cd EAPN Comunitat Valenciana ha iniciat la segona fase del seu proc\u00e9s participatiu centrat en el dret a l\u2019habitatge amb la convocat\u00f2ria de les II Trobades Provincials de Participaci\u00f3, que se celebraran a finals de setembre i principis d\u2019octubre a Val\u00e8ncia, Alacant i Castell\u00f3. Aquestes jornades \u2014que tenen lloc en el marc del vint\u00e8 [&hellip;]\" \/>\n<meta property=\"og:url\" content=\"https:\/\/www.eapncv.org\/ca-val\/incidencia-ca-val\/eapn-cv-posa-en-marxa-les-ii-trobades-provincials-sobre-el-dret-a-lhabitatge\/\" \/>\n<meta property=\"og:site_name\" content=\"EAPN CV\" \/>\n<meta property=\"article:publisher\" content=\"https:\/\/www.facebook.com\/EAPNCV\" \/>\n<meta property=\"article:published_time\" content=\"2025-09-11T08:33:24+00:00\" \/>\n<meta property=\"article:modified_time\" content=\"2025-09-18T06:19:26+00:00\" \/>\n<meta property=\"og:image\" content=\"https:\/\/www.eapncv.org\/wp-content\/uploads\/NOTICIAS-WEB-15.png\" \/>\n\t<meta property=\"og:image:width\" content=\"1080\" \/>\n\t<meta property=\"og:image:height\" content=\"607\" \/>\n\t<meta property=\"og:image:type\" content=\"image\/png\" \/>\n<meta name=\"author\" content=\"Secretaria EAPNCV\" \/>\n<meta name=\"twitter:card\" content=\"summary_large_image\" \/>\n<meta name=\"twitter:creator\" content=\"@xarxaeapncv\" \/>\n<meta name=\"twitter:site\" content=\"@xarxaeapncv\" \/>\n<meta name=\"twitter:label1\" content=\"Written by\" \/>\n\t<meta name=\"twitter:data1\" content=\"Secretaria EAPNCV\" \/>\n\t<meta name=\"twitter:label2\" content=\"Est. reading time\" \/>\n\t<meta name=\"twitter:data2\" content=\"3 minutes\" \/>\n<script type=\"application\/ld+json\" class=\"yoast-schema-graph\">{\"@context\":\"https:\/\/schema.org\",\"@graph\":[{\"@type\":\"Article\",\"@id\":\"https:\/\/www.eapncv.org\/ca-val\/incidencia-ca-val\/eapn-cv-posa-en-marxa-les-ii-trobades-provincials-sobre-el-dret-a-lhabitatge\/#article\",\"isPartOf\":{\"@id\":\"https:\/\/www.eapncv.org\/ca-val\/incidencia-ca-val\/eapn-cv-posa-en-marxa-les-ii-trobades-provincials-sobre-el-dret-a-lhabitatge\/\"},\"author\":{\"name\":\"Secretaria EAPNCV\",\"@id\":\"https:\/\/www.eapncv.org\/#\/schema\/person\/7aac997d792e1fcb21a035002ed43467\"},\"headline\":\"EAPN CV pone en marcha los Encuentros Provinciales de participaci\u00f3n sobre el derecho a la vivienda\",\"datePublished\":\"2025-09-11T08:33:24+00:00\",\"dateModified\":\"2025-09-18T06:19:26+00:00\",\"mainEntityOfPage\":{\"@id\":\"https:\/\/www.eapncv.org\/ca-val\/incidencia-ca-val\/eapn-cv-posa-en-marxa-les-ii-trobades-provincials-sobre-el-dret-a-lhabitatge\/\"},\"wordCount\":598,\"commentCount\":0,\"publisher\":{\"@id\":\"https:\/\/www.eapncv.org\/#organization\"},\"image\":{\"@id\":\"https:\/\/www.eapncv.org\/ca-val\/incidencia-ca-val\/eapn-cv-posa-en-marxa-les-ii-trobades-provincials-sobre-el-dret-a-lhabitatge\/#primaryimage\"},\"thumbnailUrl\":\"https:\/\/www.eapncv.org\/wp-content\/uploads\/NOTICIAS-WEB-15.png\",\"articleSection\":[\"Habitatge\",\"Incid\u00e8ncia\",\"Participaci\u00f3\"],\"inLanguage\":\"ca-val\",\"potentialAction\":[{\"@type\":\"CommentAction\",\"name\":\"Comment\",\"target\":[\"https:\/\/www.eapncv.org\/ca-val\/incidencia-ca-val\/eapn-cv-posa-en-marxa-les-ii-trobades-provincials-sobre-el-dret-a-lhabitatge\/#respond\"]}]},{\"@type\":\"WebPage\",\"@id\":\"https:\/\/www.eapncv.org\/ca-val\/incidencia-ca-val\/eapn-cv-posa-en-marxa-les-ii-trobades-provincials-sobre-el-dret-a-lhabitatge\/\",\"url\":\"https:\/\/www.eapncv.org\/ca-val\/incidencia-ca-val\/eapn-cv-posa-en-marxa-les-ii-trobades-provincials-sobre-el-dret-a-lhabitatge\/\",\"name\":\"EAPN CV pone en marcha los Encuentros Provinciales de participaci\u00f3n sobre el derecho a la vivienda - EAPN CV\",\"isPartOf\":{\"@id\":\"https:\/\/www.eapncv.org\/#website\"},\"primaryImageOfPage\":{\"@id\":\"https:\/\/www.eapncv.org\/ca-val\/incidencia-ca-val\/eapn-cv-posa-en-marxa-les-ii-trobades-provincials-sobre-el-dret-a-lhabitatge\/#primaryimage\"},\"image\":{\"@id\":\"https:\/\/www.eapncv.org\/ca-val\/incidencia-ca-val\/eapn-cv-posa-en-marxa-les-ii-trobades-provincials-sobre-el-dret-a-lhabitatge\/#primaryimage\"},\"thumbnailUrl\":\"https:\/\/www.eapncv.org\/wp-content\/uploads\/NOTICIAS-WEB-15.png\",\"datePublished\":\"2025-09-11T08:33:24+00:00\",\"dateModified\":\"2025-09-18T06:19:26+00:00\",\"breadcrumb\":{\"@id\":\"https:\/\/www.eapncv.org\/ca-val\/incidencia-ca-val\/eapn-cv-posa-en-marxa-les-ii-trobades-provincials-sobre-el-dret-a-lhabitatge\/#breadcrumb\"},\"inLanguage\":\"ca-val\",\"potentialAction\":[{\"@type\":\"ReadAction\",\"target\":[\"https:\/\/www.eapncv.org\/ca-val\/incidencia-ca-val\/eapn-cv-posa-en-marxa-les-ii-trobades-provincials-sobre-el-dret-a-lhabitatge\/\"]}]},{\"@type\":\"ImageObject\",\"inLanguage\":\"ca-val\",\"@id\":\"https:\/\/www.eapncv.org\/ca-val\/incidencia-ca-val\/eapn-cv-posa-en-marxa-les-ii-trobades-provincials-sobre-el-dret-a-lhabitatge\/#primaryimage\",\"url\":\"https:\/\/www.eapncv.org\/wp-content\/uploads\/NOTICIAS-WEB-15.png\",\"contentUrl\":\"https:\/\/www.eapncv.org\/wp-content\/uploads\/NOTICIAS-WEB-15.png\",\"width\":1890,\"height\":1063},{\"@type\":\"BreadcrumbList\",\"@id\":\"https:\/\/www.eapncv.org\/ca-val\/incidencia-ca-val\/eapn-cv-posa-en-marxa-les-ii-trobades-provincials-sobre-el-dret-a-lhabitatge\/#breadcrumb\",\"itemListElement\":[{\"@type\":\"ListItem\",\"position\":1,\"name\":\"Portada\",\"item\":\"https:\/\/www.eapncv.org\/ca-val\/\"},{\"@type\":\"ListItem\",\"position\":2,\"name\":\"EAPN CV pone en marcha los Encuentros Provinciales de participaci\u00f3n sobre el derecho a la vivienda\"}]},{\"@type\":\"WebSite\",\"@id\":\"https:\/\/www.eapncv.org\/#website\",\"url\":\"https:\/\/www.eapncv.org\/\",\"name\":\"EAPN CV\",\"description\":\"European Antipoverty Network \/ Xarxa Europea de Lluita contra la Pobresa\",\"publisher\":{\"@id\":\"https:\/\/www.eapncv.org\/#organization\"},\"potentialAction\":[{\"@type\":\"SearchAction\",\"target\":{\"@type\":\"EntryPoint\",\"urlTemplate\":\"https:\/\/www.eapncv.org\/?s={search_term_string}\"},\"query-input\":{\"@type\":\"PropertyValueSpecification\",\"valueRequired\":true,\"valueName\":\"search_term_string\"}}],\"inLanguage\":\"ca-val\"},{\"@type\":\"Organization\",\"@id\":\"https:\/\/www.eapncv.org\/#organization\",\"name\":\"EAPN CV\",\"url\":\"https:\/\/www.eapncv.org\/\",\"logo\":{\"@type\":\"ImageObject\",\"inLanguage\":\"ca-val\",\"@id\":\"https:\/\/www.eapncv.org\/#\/schema\/logo\/image\/\",\"url\":\"https:\/\/www.eapncv.org\/wp-content\/uploads\/2020\/10\/logoeapnOK-2013.jpg\",\"contentUrl\":\"https:\/\/www.eapncv.org\/wp-content\/uploads\/2020\/10\/logoeapnOK-2013.jpg\",\"width\":793,\"height\":287,\"caption\":\"EAPN CV\"},\"image\":{\"@id\":\"https:\/\/www.eapncv.org\/#\/schema\/logo\/image\/\"},\"sameAs\":[\"https:\/\/www.facebook.com\/EAPNCV\",\"https:\/\/x.com\/xarxaeapncv\",\"https:\/\/es.linkedin.com\/company\/eapn-cv\"]},{\"@type\":\"Person\",\"@id\":\"https:\/\/www.eapncv.org\/#\/schema\/person\/7aac997d792e1fcb21a035002ed43467\",\"name\":\"Secretaria EAPNCV\",\"image\":{\"@type\":\"ImageObject\",\"inLanguage\":\"ca-val\",\"@id\":\"https:\/\/www.eapncv.org\/#\/schema\/person\/image\/\",\"url\":\"https:\/\/secure.gravatar.com\/avatar\/aa140272539f20114066596ab3a85989e018d661e62bbdc9bbe371eaf0f1236d?s=96&d=mm&r=g\",\"contentUrl\":\"https:\/\/secure.gravatar.com\/avatar\/aa140272539f20114066596ab3a85989e018d661e62bbdc9bbe371eaf0f1236d?s=96&d=mm&r=g\",\"caption\":\"Secretaria EAPNCV\"},\"url\":\"https:\/\/www.eapncv.org\/ca-val\/author\/s3cr3t4r1a2_e4pncv\/\"}]}<\/script>\n<!-- \/ Yoast SEO Premium plugin. -->","yoast_head_json":{"title":"EAPN CV pone en marcha los Encuentros Provinciales de participaci\u00f3n sobre el derecho a la vivienda - EAPN CV","robots":{"index":"index","follow":"follow","max-snippet":"max-snippet:-1","max-image-preview":"max-image-preview:large","max-video-preview":"max-video-preview:-1"},"canonical":"https:\/\/www.eapncv.org\/ca-val\/incidencia-ca-val\/eapn-cv-posa-en-marxa-les-ii-trobades-provincials-sobre-el-dret-a-lhabitatge\/","og_locale":"en_US","og_type":"article","og_title":"EAPN CV pone en marcha los Encuentros Provinciales de participaci\u00f3n sobre el derecho a la vivienda","og_description":"INSCRIPCIONS AC\u00cd EAPN Comunitat Valenciana ha iniciat la segona fase del seu proc\u00e9s participatiu centrat en el dret a l\u2019habitatge amb la convocat\u00f2ria de les II Trobades Provincials de Participaci\u00f3, que se celebraran a finals de setembre i principis d\u2019octubre a Val\u00e8ncia, Alacant i Castell\u00f3. Aquestes jornades \u2014que tenen lloc en el marc del vint\u00e8 [&hellip;]","og_url":"https:\/\/www.eapncv.org\/ca-val\/incidencia-ca-val\/eapn-cv-posa-en-marxa-les-ii-trobades-provincials-sobre-el-dret-a-lhabitatge\/","og_site_name":"EAPN CV","article_publisher":"https:\/\/www.facebook.com\/EAPNCV","article_published_time":"2025-09-11T08:33:24+00:00","article_modified_time":"2025-09-18T06:19:26+00:00","og_image":[{"url":"https:\/\/www.eapncv.org\/wp-content\/uploads\/NOTICIAS-WEB-15.png","width":1080,"height":607,"type":"image\/png"}],"author":"Secretaria EAPNCV","twitter_card":"summary_large_image","twitter_creator":"@xarxaeapncv","twitter_site":"@xarxaeapncv","twitter_misc":{"Written by":"Secretaria EAPNCV","Est. reading time":"3 minutes"},"schema":{"@context":"https:\/\/schema.org","@graph":[{"@type":"Article","@id":"https:\/\/www.eapncv.org\/ca-val\/incidencia-ca-val\/eapn-cv-posa-en-marxa-les-ii-trobades-provincials-sobre-el-dret-a-lhabitatge\/#article","isPartOf":{"@id":"https:\/\/www.eapncv.org\/ca-val\/incidencia-ca-val\/eapn-cv-posa-en-marxa-les-ii-trobades-provincials-sobre-el-dret-a-lhabitatge\/"},"author":{"name":"Secretaria EAPNCV","@id":"https:\/\/www.eapncv.org\/#\/schema\/person\/7aac997d792e1fcb21a035002ed43467"},"headline":"EAPN CV pone en marcha los Encuentros Provinciales de participaci\u00f3n sobre el derecho a la vivienda","datePublished":"2025-09-11T08:33:24+00:00","dateModified":"2025-09-18T06:19:26+00:00","mainEntityOfPage":{"@id":"https:\/\/www.eapncv.org\/ca-val\/incidencia-ca-val\/eapn-cv-posa-en-marxa-les-ii-trobades-provincials-sobre-el-dret-a-lhabitatge\/"},"wordCount":598,"commentCount":0,"publisher":{"@id":"https:\/\/www.eapncv.org\/#organization"},"image":{"@id":"https:\/\/www.eapncv.org\/ca-val\/incidencia-ca-val\/eapn-cv-posa-en-marxa-les-ii-trobades-provincials-sobre-el-dret-a-lhabitatge\/#primaryimage"},"thumbnailUrl":"https:\/\/www.eapncv.org\/wp-content\/uploads\/NOTICIAS-WEB-15.png","articleSection":["Habitatge","Incid\u00e8ncia","Participaci\u00f3"],"inLanguage":"ca-val","potentialAction":[{"@type":"CommentAction","name":"Comment","target":["https:\/\/www.eapncv.org\/ca-val\/incidencia-ca-val\/eapn-cv-posa-en-marxa-les-ii-trobades-provincials-sobre-el-dret-a-lhabitatge\/#respond"]}]},{"@type":"WebPage","@id":"https:\/\/www.eapncv.org\/ca-val\/incidencia-ca-val\/eapn-cv-posa-en-marxa-les-ii-trobades-provincials-sobre-el-dret-a-lhabitatge\/","url":"https:\/\/www.eapncv.org\/ca-val\/incidencia-ca-val\/eapn-cv-posa-en-marxa-les-ii-trobades-provincials-sobre-el-dret-a-lhabitatge\/","name":"EAPN CV pone en marcha los Encuentros Provinciales de participaci\u00f3n sobre el derecho a la vivienda - EAPN CV","isPartOf":{"@id":"https:\/\/www.eapncv.org\/#website"},"primaryImageOfPage":{"@id":"https:\/\/www.eapncv.org\/ca-val\/incidencia-ca-val\/eapn-cv-posa-en-marxa-les-ii-trobades-provincials-sobre-el-dret-a-lhabitatge\/#primaryimage"},"image":{"@id":"https:\/\/www.eapncv.org\/ca-val\/incidencia-ca-val\/eapn-cv-posa-en-marxa-les-ii-trobades-provincials-sobre-el-dret-a-lhabitatge\/#primaryimage"},"thumbnailUrl":"https:\/\/www.eapncv.org\/wp-content\/uploads\/NOTICIAS-WEB-15.png","datePublished":"2025-09-11T08:33:24+00:00","dateModified":"2025-09-18T06:19:26+00:00","breadcrumb":{"@id":"https:\/\/www.eapncv.org\/ca-val\/incidencia-ca-val\/eapn-cv-posa-en-marxa-les-ii-trobades-provincials-sobre-el-dret-a-lhabitatge\/#breadcrumb"},"inLanguage":"ca-val","potentialAction":[{"@type":"ReadAction","target":["https:\/\/www.eapncv.org\/ca-val\/incidencia-ca-val\/eapn-cv-posa-en-marxa-les-ii-trobades-provincials-sobre-el-dret-a-lhabitatge\/"]}]},{"@type":"ImageObject","inLanguage":"ca-val","@id":"https:\/\/www.eapncv.org\/ca-val\/incidencia-ca-val\/eapn-cv-posa-en-marxa-les-ii-trobades-provincials-sobre-el-dret-a-lhabitatge\/#primaryimage","url":"https:\/\/www.eapncv.org\/wp-content\/uploads\/NOTICIAS-WEB-15.png","contentUrl":"https:\/\/www.eapncv.org\/wp-content\/uploads\/NOTICIAS-WEB-15.png","width":1890,"height":1063},{"@type":"BreadcrumbList","@id":"https:\/\/www.eapncv.org\/ca-val\/incidencia-ca-val\/eapn-cv-posa-en-marxa-les-ii-trobades-provincials-sobre-el-dret-a-lhabitatge\/#breadcrumb","itemListElement":[{"@type":"ListItem","position":1,"name":"Portada","item":"https:\/\/www.eapncv.org\/ca-val\/"},{"@type":"ListItem","position":2,"name":"EAPN CV pone en marcha los Encuentros Provinciales de participaci\u00f3n sobre el derecho a la vivienda"}]},{"@type":"WebSite","@id":"https:\/\/www.eapncv.org\/#website","url":"https:\/\/www.eapncv.org\/","name":"EAPN CV","description":"European Antipoverty Network \/ Xarxa Europea de Lluita contra la Pobresa","publisher":{"@id":"https:\/\/www.eapncv.org\/#organization"},"potentialAction":[{"@type":"SearchAction","target":{"@type":"EntryPoint","urlTemplate":"https:\/\/www.eapncv.org\/?s={search_term_string}"},"query-input":{"@type":"PropertyValueSpecification","valueRequired":true,"valueName":"search_term_string"}}],"inLanguage":"ca-val"},{"@type":"Organization","@id":"https:\/\/www.eapncv.org\/#organization","name":"EAPN CV","url":"https:\/\/www.eapncv.org\/","logo":{"@type":"ImageObject","inLanguage":"ca-val","@id":"https:\/\/www.eapncv.org\/#\/schema\/logo\/image\/","url":"https:\/\/www.eapncv.org\/wp-content\/uploads\/2020\/10\/logoeapnOK-2013.jpg","contentUrl":"https:\/\/www.eapncv.org\/wp-content\/uploads\/2020\/10\/logoeapnOK-2013.jpg","width":793,"height":287,"caption":"EAPN CV"},"image":{"@id":"https:\/\/www.eapncv.org\/#\/schema\/logo\/image\/"},"sameAs":["https:\/\/www.facebook.com\/EAPNCV","https:\/\/x.com\/xarxaeapncv","https:\/\/es.linkedin.com\/company\/eapn-cv"]},{"@type":"Person","@id":"https:\/\/www.eapncv.org\/#\/schema\/person\/7aac997d792e1fcb21a035002ed43467","name":"Secretaria EAPNCV","image":{"@type":"ImageObject","inLanguage":"ca-val","@id":"https:\/\/www.eapncv.org\/#\/schema\/person\/image\/","url":"https:\/\/secure.gravatar.com\/avatar\/aa140272539f20114066596ab3a85989e018d661e62bbdc9bbe371eaf0f1236d?s=96&d=mm&r=g","contentUrl":"https:\/\/secure.gravatar.com\/avatar\/aa140272539f20114066596ab3a85989e018d661e62bbdc9bbe371eaf0f1236d?s=96&d=mm&r=g","caption":"Secretaria EAPNCV"},"url":"https:\/\/www.eapncv.org\/ca-val\/author\/s3cr3t4r1a2_e4pncv\/"}]}},"_links":{"self":[{"href":"https:\/\/www.eapncv.org\/ca-val\/wp-json\/wp\/v2\/posts\/17626","targetHints":{"allow":["GET"]}}],"collection":[{"href":"https:\/\/www.eapncv.org\/ca-val\/wp-json\/wp\/v2\/posts"}],"about":[{"href":"https:\/\/www.eapncv.org\/ca-val\/wp-json\/wp\/v2\/types\/post"}],"author":[{"embeddable":true,"href":"https:\/\/www.eapncv.org\/ca-val\/wp-json\/wp\/v2\/users\/11"}],"replies":[{"embeddable":true,"href":"https:\/\/www.eapncv.org\/ca-val\/wp-json\/wp\/v2\/comments?post=17626"}],"version-history":[{"count":2,"href":"https:\/\/www.eapncv.org\/ca-val\/wp-json\/wp\/v2\/posts\/17626\/revisions"}],"predecessor-version":[{"id":17707,"href":"https:\/\/www.eapncv.org\/ca-val\/wp-json\/wp\/v2\/posts\/17626\/revisions\/17707"}],"wp:featuredmedia":[{"embeddable":true,"href":"https:\/\/www.eapncv.org\/ca-val\/wp-json\/wp\/v2\/media\/17624"}],"wp:attachment":[{"href":"https:\/\/www.eapncv.org\/ca-val\/wp-json\/wp\/v2\/media?parent=17626"}],"wp:term":[{"taxonomy":"category","embeddable":true,"href":"https:\/\/www.eapncv.org\/ca-val\/wp-json\/wp\/v2\/categories?post=17626"},{"taxonomy":"post_tag","embeddable":true,"href":"https:\/\/www.eapncv.org\/ca-val\/wp-json\/wp\/v2\/tags?post=17626"}],"curies":[{"name":"wp","href":"https:\/\/api.w.org\/{rel}","templated":true}]}}