{"id":17627,"date":"2025-05-16T13:30:43","date_gmt":"2025-05-16T11:30:43","guid":{"rendered":"https:\/\/www.eapncv.org\/informat\/formacio-especialitzada-per-a-voluntariat-claus-per-a-entendre-i-combatre-lexclusio-i-la-pobresa\/"},"modified":"2025-05-16T13:30:43","modified_gmt":"2025-05-16T11:30:43","slug":"formacio-especialitzada-per-a-voluntariat-claus-per-a-entendre-i-combatre-lexclusio-i-la-pobresa","status":"publish","type":"post","link":"https:\/\/www.eapncv.org\/ca-val\/informat\/formacio-especialitzada-per-a-voluntariat-claus-per-a-entendre-i-combatre-lexclusio-i-la-pobresa\/","title":{"rendered":"Formaci\u00f3 especialitzada per a voluntariat: \u201cClaus per a entendre i combatre l\u2019exclusi\u00f3 i la pobresa\u201d"},"content":{"rendered":"<p class=\"\" data-start=\"215\" data-end=\"701\">Des d\u2019EAPN CV, un any m\u00e9s, organitzem una s\u00e8rie de formacions adre\u00e7ades espec\u00edficament a <strong data-start=\"311\" data-end=\"335\">persones volunt\u00e0ries<\/strong> d\u2019alguna entitat social, especialment a aquelles que acompanyen persones en situacions de major vulnerabilitat i exclusi\u00f3. Es tracta de les sessions <strong data-start=\"418\" data-end=\"481\">\u201cClaus per a entendre i combatre l\u2019exclusi\u00f3 i la pobresa\u201d<\/strong>, dissenyades per a oferir coneixements pr\u00e0ctics i actualitzats sobre el context de la pobresa i l\u2019exclusi\u00f3 social a la Comunitat Valenciana, aix\u00ed com ferramentes \u00fatils per a l\u2019acompanyament des del voluntariat. <\/p>\n<p class=\"\" data-start=\"703\" data-end=\"1023\">Aquestes formacions s\u2019emmarquen en el programa \u201c<strong data-start=\"748\" data-end=\"850\">Voluntariat per a la inclusi\u00f3 social: intervenci\u00f3 en la diversitat de realitats de la pobresa\u201d,<\/strong> l\u2019objectiu del qual \u00e9s <strong data-start=\"869\" data-end=\"914\">refor\u00e7ar les capacitats del voluntariat<\/strong> en mat\u00e8ria d\u2019inclusi\u00f3 social i aprofundir en l\u2019\u00fas de l\u2019<strong data-start=\"974\" data-end=\"993\">indicador AROPE<\/strong> com a ferramenta d\u2019an\u00e0lisi.<\/p>\n<p class=\"\" data-start=\"1025\" data-end=\"1049\">\ud83d\udcc5 <strong data-start=\"1028\" data-end=\"1049\">Dates i llocs:<\/strong><\/p>\n<ul data-start=\"1050\" data-end=\"1409\">\n<li class=\"\" data-start=\"1050\" data-end=\"1163\">\n<p class=\"\" data-start=\"1052\" data-end=\"1163\"><strong data-start=\"1052\" data-end=\"1078\">12 de juny \u2013 Castell\u00f3<\/strong>, de 18.00 a 20.00 h<br data-start=\"1098\" data-end=\"1101\">Espai: UJI \u2013 Edifici Espaitec 2, Sala d\u2019Usos M\u00faltiples<\/p>\n<\/li>\n<li class=\"\" data-start=\"1164\" data-end=\"1274\">\n<p class=\"\" data-start=\"1166\" data-end=\"1274\"><strong data-start=\"1166\" data-end=\"1191\">12 de juny \u2013 Alacant,<\/strong> de 18.00 a 20.00 h<br data-start=\"1211\" data-end=\"1214\">Espai: Seu de FISAT, Carrer Tucum\u00e1n, 7, 03005 Alacant<\/p>\n<\/li>\n<li class=\"\" data-start=\"1275\" data-end=\"1409\">\n<p class=\"\" data-start=\"1277\" data-end=\"1409\"><strong data-start=\"1277\" data-end=\"1303\">17 de juny \u2013 Val\u00e8ncia<\/strong>, de 18.00 a 20.00 h<br data-start=\"1323\" data-end=\"1326\">Espai: Casa del Voluntariat, Carrer Santos Justo i Pastor, 164, 46022 Val\u00e8ncia<\/p>\n<\/li>\n<\/ul>\n<p class=\"\" data-start=\"1547\" data-end=\"1827\">Les sessions tindran un enfocament<strong data-start=\"1579\" data-end=\"1607\"> pr\u00e0ctic i participatiu<\/strong>, amb l\u2019objectiu d\u2019aportar una visi\u00f3 clara sobre les causes estructurals de la pobresa i com afecta diferents col\u00b7lectius, oferint ferramentes per a una acci\u00f3 volunt\u00e0ria m\u00e9s informada, cr\u00edtica i transformadora.<\/p>\n<p class=\"\" data-start=\"1829\" data-end=\"1941\"><strong data-start=\"1832\" data-end=\"1861\"> Formulari d\u2019inscripci\u00f3:<\/strong> <a class=\"\" href=\"https:\/\/forms.office.com\/e\/n2NMJZ13S6\" target=\"_new\" rel=\"noopener\" data-start=\"1863\" data-end=\"1941\">https:\/\/forms.office.com\/e\/n2NMJZ13S6<\/a><br \/>\n<img loading=\"lazy\" decoding=\"async\" class=\"alignnone size-large wp-image-17031\" src=\"https:\/\/www.eapncv.org\/wp-content\/uploads\/TALLERS-AL-VOLUNTARIAT-4-819x1024.webp\" alt=\"\" width=\"819\" height=\"1024\"><\/p>\n<p class=\"\" data-start=\"1999\" data-end=\"2348\">Aquesta activitat forma part del programa <strong data-start=\"2039\" data-end=\"2141\">\u201cVoluntariat per a la inclusi\u00f3 social: intervenci\u00f3 en la diversitat de realitats de la pobresa\u201d<\/strong>, finan\u00e7at per la <strong data-start=\"2161\" data-end=\"2248\">Conselleria d\u2019Igualtat, Serveis Socials i Habitatge de la Generalitat Valenciana<\/strong> en el marc de la convocat\u00f2ria de subvencions amb c\u00e0rrec a l\u2019IRPF (expedient: <strong data-start=\"2327\" data-end=\"2346\">PIIRPF\/2024\/275<\/strong>).<\/p>\n","protected":false},"excerpt":{"rendered":"<p>Des d\u2019EAPN CV, un any m\u00e9s, organitzem una s\u00e8rie de formacions adre\u00e7ades espec\u00edficament a persones volunt\u00e0ries d\u2019alguna entitat social, especialment a aquelles que acompanyen persones en situacions de major vulnerabilitat i exclusi\u00f3. Es tracta de les sessions \u201cClaus per a entendre i combatre l\u2019exclusi\u00f3 i la pobresa\u201d, dissenyades per a oferir coneixements pr\u00e0ctics i actualitzats [&hellip;]<\/p>\n","protected":false},"author":11,"featured_media":17097,"comment_status":"open","ping_status":"open","sticky":false,"template":"","format":"standard","meta":{"_acf_changed":false,"_et_pb_use_builder":"","_et_pb_old_content":"","_et_gb_content_width":"","footnotes":""},"categories":[29,88],"tags":[],"class_list":["post-17627","post","type-post","status-publish","format-standard","has-post-thumbnail","hentry","category-informat","category-voluntariat"],"acf":[],"yoast_head":"<!-- This site is optimized with the Yoast SEO Premium plugin v24.5 (Yoast SEO v27.0) - https:\/\/yoast.com\/product\/yoast-seo-premium-wordpress\/ -->\n<title>Formaci\u00f3 especialitzada per a voluntariat: \u201cClaus per a entendre i combatre l\u2019exclusi\u00f3 i la pobresa\u201d - EAPN CV<\/title>\n<meta name=\"robots\" content=\"index, follow, max-snippet:-1, max-image-preview:large, max-video-preview:-1\" \/>\n<link rel=\"canonical\" href=\"https:\/\/www.eapncv.org\/ca-val\/informat\/formacio-especialitzada-per-a-voluntariat-claus-per-a-entendre-i-combatre-lexclusio-i-la-pobresa\/\" \/>\n<meta property=\"og:locale\" content=\"en_US\" \/>\n<meta property=\"og:type\" content=\"article\" \/>\n<meta property=\"og:title\" content=\"Formaci\u00f3 especialitzada per a voluntariat: \u201cClaus per a entendre i combatre l\u2019exclusi\u00f3 i la pobresa\u201d\" \/>\n<meta property=\"og:description\" content=\"Des d\u2019EAPN CV, un any m\u00e9s, organitzem una s\u00e8rie de formacions adre\u00e7ades espec\u00edficament a persones volunt\u00e0ries d\u2019alguna entitat social, especialment a aquelles que acompanyen persones en situacions de major vulnerabilitat i exclusi\u00f3. Es tracta de les sessions \u201cClaus per a entendre i combatre l\u2019exclusi\u00f3 i la pobresa\u201d, dissenyades per a oferir coneixements pr\u00e0ctics i actualitzats [&hellip;]\" \/>\n<meta property=\"og:url\" content=\"https:\/\/www.eapncv.org\/ca-val\/informat\/formacio-especialitzada-per-a-voluntariat-claus-per-a-entendre-i-combatre-lexclusio-i-la-pobresa\/\" \/>\n<meta property=\"og:site_name\" content=\"EAPN CV\" \/>\n<meta property=\"article:publisher\" content=\"https:\/\/www.facebook.com\/EAPNCV\" \/>\n<meta property=\"article:published_time\" content=\"2025-05-16T11:30:43+00:00\" \/>\n<meta property=\"og:image\" content=\"https:\/\/www.eapncv.org\/wp-content\/uploads\/3-5.webp\" \/>\n\t<meta property=\"og:image:width\" content=\"1890\" \/>\n\t<meta property=\"og:image:height\" content=\"1063\" \/>\n\t<meta property=\"og:image:type\" content=\"image\/jpeg\" \/>\n<meta name=\"author\" content=\"Secretaria EAPNCV\" \/>\n<meta name=\"twitter:card\" content=\"summary_large_image\" \/>\n<meta name=\"twitter:creator\" content=\"@xarxaeapncv\" \/>\n<meta name=\"twitter:site\" content=\"@xarxaeapncv\" \/>\n<meta name=\"twitter:label1\" content=\"Written by\" \/>\n\t<meta name=\"twitter:data1\" content=\"Secretaria EAPNCV\" \/>\n\t<meta name=\"twitter:label2\" content=\"Est. reading time\" \/>\n\t<meta name=\"twitter:data2\" content=\"1 minute\" \/>\n<script type=\"application\/ld+json\" class=\"yoast-schema-graph\">{\"@context\":\"https:\/\/schema.org\",\"@graph\":[{\"@type\":\"Article\",\"@id\":\"https:\/\/www.eapncv.org\/ca-val\/informat\/formacio-especialitzada-per-a-voluntariat-claus-per-a-entendre-i-combatre-lexclusio-i-la-pobresa\/#article\",\"isPartOf\":{\"@id\":\"https:\/\/www.eapncv.org\/ca-val\/informat\/formacio-especialitzada-per-a-voluntariat-claus-per-a-entendre-i-combatre-lexclusio-i-la-pobresa\/\"},\"author\":{\"name\":\"Secretaria EAPNCV\",\"@id\":\"https:\/\/www.eapncv.org\/#\/schema\/person\/7aac997d792e1fcb21a035002ed43467\"},\"headline\":\"Formaci\u00f3 especialitzada per a voluntariat: \u201cClaus per a entendre i combatre l\u2019exclusi\u00f3 i la pobresa\u201d\",\"datePublished\":\"2025-05-16T11:30:43+00:00\",\"mainEntityOfPage\":{\"@id\":\"https:\/\/www.eapncv.org\/ca-val\/informat\/formacio-especialitzada-per-a-voluntariat-claus-per-a-entendre-i-combatre-lexclusio-i-la-pobresa\/\"},\"wordCount\":315,\"commentCount\":0,\"publisher\":{\"@id\":\"https:\/\/www.eapncv.org\/#organization\"},\"image\":{\"@id\":\"https:\/\/www.eapncv.org\/ca-val\/informat\/formacio-especialitzada-per-a-voluntariat-claus-per-a-entendre-i-combatre-lexclusio-i-la-pobresa\/#primaryimage\"},\"thumbnailUrl\":\"https:\/\/www.eapncv.org\/wp-content\/uploads\/3-5.webp\",\"articleSection\":[\"INFORMA'T\",\"Voluntariat\"],\"inLanguage\":\"ca-val\",\"potentialAction\":[{\"@type\":\"CommentAction\",\"name\":\"Comment\",\"target\":[\"https:\/\/www.eapncv.org\/ca-val\/informat\/formacio-especialitzada-per-a-voluntariat-claus-per-a-entendre-i-combatre-lexclusio-i-la-pobresa\/#respond\"]}]},{\"@type\":\"WebPage\",\"@id\":\"https:\/\/www.eapncv.org\/ca-val\/informat\/formacio-especialitzada-per-a-voluntariat-claus-per-a-entendre-i-combatre-lexclusio-i-la-pobresa\/\",\"url\":\"https:\/\/www.eapncv.org\/ca-val\/informat\/formacio-especialitzada-per-a-voluntariat-claus-per-a-entendre-i-combatre-lexclusio-i-la-pobresa\/\",\"name\":\"Formaci\u00f3 especialitzada per a voluntariat: \u201cClaus per a entendre i combatre l\u2019exclusi\u00f3 i la pobresa\u201d - EAPN CV\",\"isPartOf\":{\"@id\":\"https:\/\/www.eapncv.org\/#website\"},\"primaryImageOfPage\":{\"@id\":\"https:\/\/www.eapncv.org\/ca-val\/informat\/formacio-especialitzada-per-a-voluntariat-claus-per-a-entendre-i-combatre-lexclusio-i-la-pobresa\/#primaryimage\"},\"image\":{\"@id\":\"https:\/\/www.eapncv.org\/ca-val\/informat\/formacio-especialitzada-per-a-voluntariat-claus-per-a-entendre-i-combatre-lexclusio-i-la-pobresa\/#primaryimage\"},\"thumbnailUrl\":\"https:\/\/www.eapncv.org\/wp-content\/uploads\/3-5.webp\",\"datePublished\":\"2025-05-16T11:30:43+00:00\",\"breadcrumb\":{\"@id\":\"https:\/\/www.eapncv.org\/ca-val\/informat\/formacio-especialitzada-per-a-voluntariat-claus-per-a-entendre-i-combatre-lexclusio-i-la-pobresa\/#breadcrumb\"},\"inLanguage\":\"ca-val\",\"potentialAction\":[{\"@type\":\"ReadAction\",\"target\":[\"https:\/\/www.eapncv.org\/ca-val\/informat\/formacio-especialitzada-per-a-voluntariat-claus-per-a-entendre-i-combatre-lexclusio-i-la-pobresa\/\"]}]},{\"@type\":\"ImageObject\",\"inLanguage\":\"ca-val\",\"@id\":\"https:\/\/www.eapncv.org\/ca-val\/informat\/formacio-especialitzada-per-a-voluntariat-claus-per-a-entendre-i-combatre-lexclusio-i-la-pobresa\/#primaryimage\",\"url\":\"https:\/\/www.eapncv.org\/wp-content\/uploads\/3-5.webp\",\"contentUrl\":\"https:\/\/www.eapncv.org\/wp-content\/uploads\/3-5.webp\",\"width\":1890,\"height\":1063},{\"@type\":\"BreadcrumbList\",\"@id\":\"https:\/\/www.eapncv.org\/ca-val\/informat\/formacio-especialitzada-per-a-voluntariat-claus-per-a-entendre-i-combatre-lexclusio-i-la-pobresa\/#breadcrumb\",\"itemListElement\":[{\"@type\":\"ListItem\",\"position\":1,\"name\":\"Portada\",\"item\":\"https:\/\/www.eapncv.org\/ca-val\/\"},{\"@type\":\"ListItem\",\"position\":2,\"name\":\"Formaci\u00f3 especialitzada per a voluntariat: \u201cClaus per a entendre i combatre l\u2019exclusi\u00f3 i la pobresa\u201d\"}]},{\"@type\":\"WebSite\",\"@id\":\"https:\/\/www.eapncv.org\/#website\",\"url\":\"https:\/\/www.eapncv.org\/\",\"name\":\"EAPN CV\",\"description\":\"European Antipoverty Network \/ Xarxa Europea de Lluita contra la Pobresa\",\"publisher\":{\"@id\":\"https:\/\/www.eapncv.org\/#organization\"},\"potentialAction\":[{\"@type\":\"SearchAction\",\"target\":{\"@type\":\"EntryPoint\",\"urlTemplate\":\"https:\/\/www.eapncv.org\/?s={search_term_string}\"},\"query-input\":{\"@type\":\"PropertyValueSpecification\",\"valueRequired\":true,\"valueName\":\"search_term_string\"}}],\"inLanguage\":\"ca-val\"},{\"@type\":\"Organization\",\"@id\":\"https:\/\/www.eapncv.org\/#organization\",\"name\":\"EAPN CV\",\"url\":\"https:\/\/www.eapncv.org\/\",\"logo\":{\"@type\":\"ImageObject\",\"inLanguage\":\"ca-val\",\"@id\":\"https:\/\/www.eapncv.org\/#\/schema\/logo\/image\/\",\"url\":\"https:\/\/www.eapncv.org\/wp-content\/uploads\/2020\/10\/logoeapnOK-2013.jpg\",\"contentUrl\":\"https:\/\/www.eapncv.org\/wp-content\/uploads\/2020\/10\/logoeapnOK-2013.jpg\",\"width\":793,\"height\":287,\"caption\":\"EAPN CV\"},\"image\":{\"@id\":\"https:\/\/www.eapncv.org\/#\/schema\/logo\/image\/\"},\"sameAs\":[\"https:\/\/www.facebook.com\/EAPNCV\",\"https:\/\/x.com\/xarxaeapncv\",\"https:\/\/es.linkedin.com\/company\/eapn-cv\"]},{\"@type\":\"Person\",\"@id\":\"https:\/\/www.eapncv.org\/#\/schema\/person\/7aac997d792e1fcb21a035002ed43467\",\"name\":\"Secretaria EAPNCV\",\"image\":{\"@type\":\"ImageObject\",\"inLanguage\":\"ca-val\",\"@id\":\"https:\/\/www.eapncv.org\/#\/schema\/person\/image\/\",\"url\":\"https:\/\/secure.gravatar.com\/avatar\/aa140272539f20114066596ab3a85989e018d661e62bbdc9bbe371eaf0f1236d?s=96&d=mm&r=g\",\"contentUrl\":\"https:\/\/secure.gravatar.com\/avatar\/aa140272539f20114066596ab3a85989e018d661e62bbdc9bbe371eaf0f1236d?s=96&d=mm&r=g\",\"caption\":\"Secretaria EAPNCV\"},\"url\":\"https:\/\/www.eapncv.org\/ca-val\/author\/s3cr3t4r1a2_e4pncv\/\"}]}<\/script>\n<!-- \/ Yoast SEO Premium plugin. -->","yoast_head_json":{"title":"Formaci\u00f3 especialitzada per a voluntariat: \u201cClaus per a entendre i combatre l\u2019exclusi\u00f3 i la pobresa\u201d - EAPN CV","robots":{"index":"index","follow":"follow","max-snippet":"max-snippet:-1","max-image-preview":"max-image-preview:large","max-video-preview":"max-video-preview:-1"},"canonical":"https:\/\/www.eapncv.org\/ca-val\/informat\/formacio-especialitzada-per-a-voluntariat-claus-per-a-entendre-i-combatre-lexclusio-i-la-pobresa\/","og_locale":"en_US","og_type":"article","og_title":"Formaci\u00f3 especialitzada per a voluntariat: \u201cClaus per a entendre i combatre l\u2019exclusi\u00f3 i la pobresa\u201d","og_description":"Des d\u2019EAPN CV, un any m\u00e9s, organitzem una s\u00e8rie de formacions adre\u00e7ades espec\u00edficament a persones volunt\u00e0ries d\u2019alguna entitat social, especialment a aquelles que acompanyen persones en situacions de major vulnerabilitat i exclusi\u00f3. Es tracta de les sessions \u201cClaus per a entendre i combatre l\u2019exclusi\u00f3 i la pobresa\u201d, dissenyades per a oferir coneixements pr\u00e0ctics i actualitzats [&hellip;]","og_url":"https:\/\/www.eapncv.org\/ca-val\/informat\/formacio-especialitzada-per-a-voluntariat-claus-per-a-entendre-i-combatre-lexclusio-i-la-pobresa\/","og_site_name":"EAPN CV","article_publisher":"https:\/\/www.facebook.com\/EAPNCV","article_published_time":"2025-05-16T11:30:43+00:00","og_image":[{"width":1890,"height":1063,"url":"https:\/\/www.eapncv.org\/wp-content\/uploads\/3-5.webp","type":"image\/jpeg"}],"author":"Secretaria EAPNCV","twitter_card":"summary_large_image","twitter_creator":"@xarxaeapncv","twitter_site":"@xarxaeapncv","twitter_misc":{"Written by":"Secretaria EAPNCV","Est. reading time":"1 minute"},"schema":{"@context":"https:\/\/schema.org","@graph":[{"@type":"Article","@id":"https:\/\/www.eapncv.org\/ca-val\/informat\/formacio-especialitzada-per-a-voluntariat-claus-per-a-entendre-i-combatre-lexclusio-i-la-pobresa\/#article","isPartOf":{"@id":"https:\/\/www.eapncv.org\/ca-val\/informat\/formacio-especialitzada-per-a-voluntariat-claus-per-a-entendre-i-combatre-lexclusio-i-la-pobresa\/"},"author":{"name":"Secretaria EAPNCV","@id":"https:\/\/www.eapncv.org\/#\/schema\/person\/7aac997d792e1fcb21a035002ed43467"},"headline":"Formaci\u00f3 especialitzada per a voluntariat: \u201cClaus per a entendre i combatre l\u2019exclusi\u00f3 i la pobresa\u201d","datePublished":"2025-05-16T11:30:43+00:00","mainEntityOfPage":{"@id":"https:\/\/www.eapncv.org\/ca-val\/informat\/formacio-especialitzada-per-a-voluntariat-claus-per-a-entendre-i-combatre-lexclusio-i-la-pobresa\/"},"wordCount":315,"commentCount":0,"publisher":{"@id":"https:\/\/www.eapncv.org\/#organization"},"image":{"@id":"https:\/\/www.eapncv.org\/ca-val\/informat\/formacio-especialitzada-per-a-voluntariat-claus-per-a-entendre-i-combatre-lexclusio-i-la-pobresa\/#primaryimage"},"thumbnailUrl":"https:\/\/www.eapncv.org\/wp-content\/uploads\/3-5.webp","articleSection":["INFORMA'T","Voluntariat"],"inLanguage":"ca-val","potentialAction":[{"@type":"CommentAction","name":"Comment","target":["https:\/\/www.eapncv.org\/ca-val\/informat\/formacio-especialitzada-per-a-voluntariat-claus-per-a-entendre-i-combatre-lexclusio-i-la-pobresa\/#respond"]}]},{"@type":"WebPage","@id":"https:\/\/www.eapncv.org\/ca-val\/informat\/formacio-especialitzada-per-a-voluntariat-claus-per-a-entendre-i-combatre-lexclusio-i-la-pobresa\/","url":"https:\/\/www.eapncv.org\/ca-val\/informat\/formacio-especialitzada-per-a-voluntariat-claus-per-a-entendre-i-combatre-lexclusio-i-la-pobresa\/","name":"Formaci\u00f3 especialitzada per a voluntariat: \u201cClaus per a entendre i combatre l\u2019exclusi\u00f3 i la pobresa\u201d - EAPN CV","isPartOf":{"@id":"https:\/\/www.eapncv.org\/#website"},"primaryImageOfPage":{"@id":"https:\/\/www.eapncv.org\/ca-val\/informat\/formacio-especialitzada-per-a-voluntariat-claus-per-a-entendre-i-combatre-lexclusio-i-la-pobresa\/#primaryimage"},"image":{"@id":"https:\/\/www.eapncv.org\/ca-val\/informat\/formacio-especialitzada-per-a-voluntariat-claus-per-a-entendre-i-combatre-lexclusio-i-la-pobresa\/#primaryimage"},"thumbnailUrl":"https:\/\/www.eapncv.org\/wp-content\/uploads\/3-5.webp","datePublished":"2025-05-16T11:30:43+00:00","breadcrumb":{"@id":"https:\/\/www.eapncv.org\/ca-val\/informat\/formacio-especialitzada-per-a-voluntariat-claus-per-a-entendre-i-combatre-lexclusio-i-la-pobresa\/#breadcrumb"},"inLanguage":"ca-val","potentialAction":[{"@type":"ReadAction","target":["https:\/\/www.eapncv.org\/ca-val\/informat\/formacio-especialitzada-per-a-voluntariat-claus-per-a-entendre-i-combatre-lexclusio-i-la-pobresa\/"]}]},{"@type":"ImageObject","inLanguage":"ca-val","@id":"https:\/\/www.eapncv.org\/ca-val\/informat\/formacio-especialitzada-per-a-voluntariat-claus-per-a-entendre-i-combatre-lexclusio-i-la-pobresa\/#primaryimage","url":"https:\/\/www.eapncv.org\/wp-content\/uploads\/3-5.webp","contentUrl":"https:\/\/www.eapncv.org\/wp-content\/uploads\/3-5.webp","width":1890,"height":1063},{"@type":"BreadcrumbList","@id":"https:\/\/www.eapncv.org\/ca-val\/informat\/formacio-especialitzada-per-a-voluntariat-claus-per-a-entendre-i-combatre-lexclusio-i-la-pobresa\/#breadcrumb","itemListElement":[{"@type":"ListItem","position":1,"name":"Portada","item":"https:\/\/www.eapncv.org\/ca-val\/"},{"@type":"ListItem","position":2,"name":"Formaci\u00f3 especialitzada per a voluntariat: \u201cClaus per a entendre i combatre l\u2019exclusi\u00f3 i la pobresa\u201d"}]},{"@type":"WebSite","@id":"https:\/\/www.eapncv.org\/#website","url":"https:\/\/www.eapncv.org\/","name":"EAPN CV","description":"European Antipoverty Network \/ Xarxa Europea de Lluita contra la Pobresa","publisher":{"@id":"https:\/\/www.eapncv.org\/#organization"},"potentialAction":[{"@type":"SearchAction","target":{"@type":"EntryPoint","urlTemplate":"https:\/\/www.eapncv.org\/?s={search_term_string}"},"query-input":{"@type":"PropertyValueSpecification","valueRequired":true,"valueName":"search_term_string"}}],"inLanguage":"ca-val"},{"@type":"Organization","@id":"https:\/\/www.eapncv.org\/#organization","name":"EAPN CV","url":"https:\/\/www.eapncv.org\/","logo":{"@type":"ImageObject","inLanguage":"ca-val","@id":"https:\/\/www.eapncv.org\/#\/schema\/logo\/image\/","url":"https:\/\/www.eapncv.org\/wp-content\/uploads\/2020\/10\/logoeapnOK-2013.jpg","contentUrl":"https:\/\/www.eapncv.org\/wp-content\/uploads\/2020\/10\/logoeapnOK-2013.jpg","width":793,"height":287,"caption":"EAPN CV"},"image":{"@id":"https:\/\/www.eapncv.org\/#\/schema\/logo\/image\/"},"sameAs":["https:\/\/www.facebook.com\/EAPNCV","https:\/\/x.com\/xarxaeapncv","https:\/\/es.linkedin.com\/company\/eapn-cv"]},{"@type":"Person","@id":"https:\/\/www.eapncv.org\/#\/schema\/person\/7aac997d792e1fcb21a035002ed43467","name":"Secretaria EAPNCV","image":{"@type":"ImageObject","inLanguage":"ca-val","@id":"https:\/\/www.eapncv.org\/#\/schema\/person\/image\/","url":"https:\/\/secure.gravatar.com\/avatar\/aa140272539f20114066596ab3a85989e018d661e62bbdc9bbe371eaf0f1236d?s=96&d=mm&r=g","contentUrl":"https:\/\/secure.gravatar.com\/avatar\/aa140272539f20114066596ab3a85989e018d661e62bbdc9bbe371eaf0f1236d?s=96&d=mm&r=g","caption":"Secretaria EAPNCV"},"url":"https:\/\/www.eapncv.org\/ca-val\/author\/s3cr3t4r1a2_e4pncv\/"}]}},"_links":{"self":[{"href":"https:\/\/www.eapncv.org\/ca-val\/wp-json\/wp\/v2\/posts\/17627","targetHints":{"allow":["GET"]}}],"collection":[{"href":"https:\/\/www.eapncv.org\/ca-val\/wp-json\/wp\/v2\/posts"}],"about":[{"href":"https:\/\/www.eapncv.org\/ca-val\/wp-json\/wp\/v2\/types\/post"}],"author":[{"embeddable":true,"href":"https:\/\/www.eapncv.org\/ca-val\/wp-json\/wp\/v2\/users\/11"}],"replies":[{"embeddable":true,"href":"https:\/\/www.eapncv.org\/ca-val\/wp-json\/wp\/v2\/comments?post=17627"}],"version-history":[{"count":0,"href":"https:\/\/www.eapncv.org\/ca-val\/wp-json\/wp\/v2\/posts\/17627\/revisions"}],"wp:featuredmedia":[{"embeddable":true,"href":"https:\/\/www.eapncv.org\/ca-val\/wp-json\/wp\/v2\/media\/17097"}],"wp:attachment":[{"href":"https:\/\/www.eapncv.org\/ca-val\/wp-json\/wp\/v2\/media?parent=17627"}],"wp:term":[{"taxonomy":"category","embeddable":true,"href":"https:\/\/www.eapncv.org\/ca-val\/wp-json\/wp\/v2\/categories?post=17627"},{"taxonomy":"post_tag","embeddable":true,"href":"https:\/\/www.eapncv.org\/ca-val\/wp-json\/wp\/v2\/tags?post=17627"}],"curies":[{"name":"wp","href":"https:\/\/api.w.org\/{rel}","templated":true}]}}