{"id":17636,"date":"2025-09-12T14:21:25","date_gmt":"2025-09-12T12:21:25","guid":{"rendered":"https:\/\/www.eapncv.org\/informat\/arranca-una-nova-edicio-del-programa-de-sensibilitzacio-per-a-joves-en-marxa-per-la-inclusio-deapn-cv-en-col%c2%b7laboracio-amb-livaj\/"},"modified":"2025-09-15T12:09:34","modified_gmt":"2025-09-15T10:09:34","slug":"arranca-una-nova-edicio-del-programa-de-sensibilitzacio-per-a-joves-en-marxa-per-la-inclusio-deapn-cv-en-col%c2%b7laboracio-amb-livaj","status":"publish","type":"post","link":"https:\/\/www.eapncv.org\/ca-val\/sensibilitzacio\/arranca-una-nova-edicio-del-programa-de-sensibilitzacio-per-a-joves-en-marxa-per-la-inclusio-deapn-cv-en-col%c2%b7laboracio-amb-livaj\/","title":{"rendered":"EAPN CV inicia el curs escolar amb el desenvolupament del seu programa de sensibilitzaci\u00f3 per a joves \u201cEn Marxa per la Inclusi\u00f3\u201d"},"content":{"rendered":"<p data-start=\"82\" data-end=\"769\"><strong data-start=\"82\" data-end=\"473\">Des d\u2019<span data-olk-copy-source=\"MessageBody\">EAPN CV (European Anti-Poverty Network \u2013 Xarxa europea de lluita contra la pobresa en la Comunitat Valenciana)<\/span>, <\/strong>iniciem el curs amb el desenvolupament del programa <strong data-start=\"389\" data-end=\"456\">EN MARXA PER LA INCLUSI\u00d3: Programa d\u2019educaci\u00f3 per a la inclusi\u00f3<\/strong>, <strong>amb la finalitat de transmetre valors solidaris des de la inclusi\u00f3, la diversitat i el voluntariat social durant l\u2019any 2025<\/strong>. Esta iniciativa, en marxa des de 2019, t\u00e9 com a objectiu promoure entre la joventut valors de solidaritat, inclusi\u00f3, diversitat i comprom\u00eds social, acostant la realitat de la pobresa i l\u2019exclusi\u00f3 social als centres educatius des d\u2019una perspectiva participativa i transformadora.<\/p>\n<p data-start=\"865\" data-end=\"1212\">Est\u00e0 prevista la col\u00b7laboraci\u00f3 en este programa de l\u2019<strong data-start=\"918\" data-end=\"961\">Institut Valenci\u00e0 de la Joventut (IVAJ)<\/strong>, amb la firma d\u2019un conveni en 2025 que es troba en tramitaci\u00f3 en estos moments i que est\u00e0 contemplat en la <strong data-start=\"1069\" data-end=\"1156\">Llei 6\/2025, de 30 de maig, de pressupostos de la Generalitat per a l\u2019exercici 2025<\/strong>; per aix\u00f2 es preveu la firma del conveni pr\u00f2ximament.<\/p>\n<p data-start=\"1214\" data-end=\"1773\"><strong data-start=\"1214\" data-end=\"1262\">M\u00e9s de 500 estudiants en el primer trimestre<\/strong><br data-start=\"1262\" data-end=\"1265\" \/>Durant el primer trimestre del curs 2025\u20132026, es preveu la realitzaci\u00f3 de <strong data-start=\"1340\" data-end=\"1354\">20 tallers<\/strong> en <strong data-start=\"1358\" data-end=\"1381\">6 centres educatius<\/strong> de tota la Comunitat Valenciana (dos per cada prov\u00edncia), cosa que permetr\u00e0 arribar a <strong data-start=\"1468\" data-end=\"1490\">m\u00e9s de 500 alumnes<\/strong> de <strong data-start=\"1494\" data-end=\"1538\">4t d\u2019ESO, Batxillerat i Cicles Formatius<\/strong>. Els tallers estan dinamitzats per l\u2019equip t\u00e8cnic d\u2019EAPN CV i per professionals de les entitats membre de la xarxa, amb una \u00e0mplia experi\u00e8ncia en sensibilitzaci\u00f3 i en el treball directe amb col\u00b7lectius en situaci\u00f3 de vulnerabilitat.<\/p>\n<p data-start=\"1775\" data-end=\"2093\">Davant de la bona acollida de la proposta, <strong data-start=\"1818\" data-end=\"1837\">set centres m\u00e9s<\/strong> ja han mostrat inter\u00e9s a participar en la pr\u00f2xima edici\u00f3, prevista per al <strong data-start=\"1912\" data-end=\"1949\">segon i tercer trimestre del curs<\/strong>, cosa que podria duplicar l\u2019abast i arribar a <strong data-start=\"1996\" data-end=\"2035\">m\u00e9s de 1.000 joves al llarg de 2026<\/strong>, si el programa mantinguera la col\u00b7laboraci\u00f3 de l\u2019IVAJ.<\/p>\n<p data-start=\"2095\" data-end=\"2757\"><strong data-start=\"2095\" data-end=\"2167\">Estructura dels tallers: reflexi\u00f3 cr\u00edtica i contacte amb la realitat<\/strong><\/p>\n<p data-start=\"2095\" data-end=\"2757\">Els tallers d\u2019<strong data-start=\"2184\" data-end=\"2212\">En Marxa per la Inclusi\u00f3<\/strong> s\u2019estructuren en dues parts:<br data-start=\"2241\" data-end=\"2244\" \/>\u2022 <strong data-start=\"2246\" data-end=\"2258\">1a part:<\/strong> sessi\u00f3 participativa sobre pobresa i exclusi\u00f3 social, desmuntant mites i estereotips, i introduint conceptes com l\u2019<strong data-start=\"2374\" data-end=\"2393\">indicador AROPE<\/strong> i dades actualitzades de la Comunitat Valenciana. Tamb\u00e9 es fomenta el <strong data-start=\"2464\" data-end=\"2479\">voluntariat<\/strong> com a ferramenta de transformaci\u00f3 social.<br data-start=\"2521\" data-end=\"2524\" \/>\u2022 <strong data-start=\"2526\" data-end=\"2549\">2a part (opcional):<\/strong> visita o encontre amb una de les <strong data-start=\"2583\" data-end=\"2615\">40 entitats membre d\u2019EAPN CV<\/strong>, on l\u2019alumnat pot con\u00e9ixer de prop el treball d\u2019intervenci\u00f3 social i escoltar testimonis de persones volunt\u00e0ries, t\u00e8cniques o participants.<\/p>\n<p data-start=\"2759\" data-end=\"3449\"><strong data-start=\"2759\" data-end=\"2799\">Una joventut especialment vulnerable<\/strong><br data-start=\"2799\" data-end=\"2802\" \/>La import\u00e0ncia d\u2019este programa radica tamb\u00e9 en el fet que les persones joves d\u2019entre <strong data-start=\"2887\" data-end=\"2903\">16 i 30 anys<\/strong> s\u00f3n el <strong data-start=\"2911\" data-end=\"2932\">segon grup d\u2019edat<\/strong> que registra majors nivells de pobresa i exclusi\u00f3 social, amb un <strong data-start=\"2998\" data-end=\"3030\">percentatge AROPE del 26,2 %<\/strong>. Esta dada evidencia una situaci\u00f3 preocupant: la falta d\u2019acc\u00e9s a recursos b\u00e0sics i oportunitats en esta etapa vital pot condicionar greument el futur de la joventut. Els tallers busquen no sols sensibilitzar sobre estes realitats, sin\u00f3 tamb\u00e9 mostrar que qualsevol persona pot acabar en esta situaci\u00f3, i que viure-la implica una p\u00e8rdua d\u2019oportunitats educatives, laborals i socials que determinen el projecte de vida.<\/p>\n<p data-start=\"3451\" data-end=\"4161\">En un context de creixents desigualtats, aquests tallers oferixen a la joventut una oportunitat per a mirar la realitat amb uns altres ulls, q\u00fcestionar privilegis, empatitzar amb altres viv\u00e8ncies i descobrir la seua <strong data-start=\"3665\" data-end=\"3693\">capacitat d\u2019acci\u00f3 social<\/strong>. A trav\u00e9s del contacte directe amb professionals d\u2019entitats socials i de l\u2019an\u00e0lisi cr\u00edtica de les dades, l\u2019alumnat es convertix en <strong data-start=\"3825\" data-end=\"3841\">protagonista<\/strong> del seu aprenentatge i en <strong data-start=\"3868\" data-end=\"3886\">agent de canvi<\/strong> en el seu entorn. A m\u00e9s, s\u2019incidix en la import\u00e0ncia de promoure i reivindicar <strong data-start=\"3966\" data-end=\"4000\">pol\u00edtiques p\u00fabliques efectives<\/strong>, \u00fanica via per a reduir els alarmants nivells de pobresa i exclusi\u00f3, no sols a <strong data-start=\"4080\" data-end=\"4100\">Espanya (25,8 %)<\/strong>, sin\u00f3 especialment a la <strong data-start=\"4125\" data-end=\"4158\">Comunitat Valenciana (29,9 %)<\/strong>.<\/p>\n<p data-start=\"4163\" data-end=\"4313\">Des d\u2019EAPN CV agra\u00efm profundament la col\u00b7laboraci\u00f3 dels centres participants i el seu comprom\u00eds amb una educaci\u00f3 en valors i amb la just\u00edcia social.<\/p>\n<p data-start=\"4315\" data-end=\"4466\" data-is-last-node=\"\" data-is-only-node=\"\">Si el teu centre est\u00e0 interessat a participar o desitges m\u00e9s informaci\u00f3, pots contactar amb:<br data-start=\"4407\" data-end=\"4410\" \/>\ud83d\udce7 <strong data-start=\"4413\" data-end=\"4445\"><a class=\"decorated-link cursor-pointer\" rel=\"noopener\" data-start=\"4415\" data-end=\"4443\">alejandra.roncero@eapncv.org<\/a><\/strong> | \ud83d\udcde <strong data-start=\"4451\" data-end=\"4466\" data-is-last-node=\"\">672 653 938<\/strong><\/p>\n","protected":false},"excerpt":{"rendered":"<p>Des d\u2019EAPN CV (European Anti-Poverty Network \u2013 Xarxa europea de lluita contra la pobresa en la Comunitat Valenciana), iniciem el curs amb el desenvolupament del programa EN MARXA PER LA INCLUSI\u00d3: Programa d\u2019educaci\u00f3 per a la inclusi\u00f3, amb la finalitat de transmetre valors solidaris des de la inclusi\u00f3, la diversitat i el voluntariat social durant [&hellip;]<\/p>\n","protected":false},"author":11,"featured_media":17634,"comment_status":"open","ping_status":"closed","sticky":false,"template":"","format":"standard","meta":{"_acf_changed":false,"_et_pb_use_builder":"","_et_pb_old_content":"","_et_gb_content_width":"","footnotes":""},"categories":[82],"tags":[],"class_list":["post-17636","post","type-post","status-publish","format-standard","has-post-thumbnail","hentry","category-sensibilitzacio"],"acf":[],"yoast_head":"<!-- This site is optimized with the Yoast SEO Premium plugin v24.5 (Yoast SEO v27.0) - https:\/\/yoast.com\/product\/yoast-seo-premium-wordpress\/ -->\n<title>EAPN CV inicia el curs escolar amb el desenvolupament del seu programa de sensibilitzaci\u00f3 per a joves \u201cEn Marxa per la Inclusi\u00f3\u201d - EAPN CV<\/title>\n<meta name=\"robots\" content=\"index, follow, max-snippet:-1, max-image-preview:large, max-video-preview:-1\" \/>\n<link rel=\"canonical\" href=\"https:\/\/www.eapncv.org\/ca-val\/sensibilitzacio\/arranca-una-nova-edicio-del-programa-de-sensibilitzacio-per-a-joves-en-marxa-per-la-inclusio-deapn-cv-en-col\u00b7laboracio-amb-livaj\/\" \/>\n<meta property=\"og:locale\" content=\"en_US\" \/>\n<meta property=\"og:type\" content=\"article\" \/>\n<meta property=\"og:title\" content=\"EAPN CV inicia el curs escolar amb el desenvolupament del seu programa de sensibilitzaci\u00f3 per a joves \u201cEn Marxa per la Inclusi\u00f3\u201d\" \/>\n<meta property=\"og:description\" content=\"Des d\u2019EAPN CV (European Anti-Poverty Network \u2013 Xarxa europea de lluita contra la pobresa en la Comunitat Valenciana), iniciem el curs amb el desenvolupament del programa EN MARXA PER LA INCLUSI\u00d3: Programa d\u2019educaci\u00f3 per a la inclusi\u00f3, amb la finalitat de transmetre valors solidaris des de la inclusi\u00f3, la diversitat i el voluntariat social durant [&hellip;]\" \/>\n<meta property=\"og:url\" content=\"https:\/\/www.eapncv.org\/ca-val\/sensibilitzacio\/arranca-una-nova-edicio-del-programa-de-sensibilitzacio-per-a-joves-en-marxa-per-la-inclusio-deapn-cv-en-col\u00b7laboracio-amb-livaj\/\" \/>\n<meta property=\"og:site_name\" content=\"EAPN CV\" \/>\n<meta property=\"article:publisher\" content=\"https:\/\/www.facebook.com\/EAPNCV\" \/>\n<meta property=\"article:published_time\" content=\"2025-09-12T12:21:25+00:00\" \/>\n<meta property=\"article:modified_time\" content=\"2025-09-15T10:09:34+00:00\" \/>\n<meta property=\"og:image\" content=\"https:\/\/www.eapncv.org\/wp-content\/uploads\/NOTICIAS-WEB-16.png\" \/>\n\t<meta property=\"og:image:width\" content=\"1890\" \/>\n\t<meta property=\"og:image:height\" content=\"1063\" \/>\n\t<meta property=\"og:image:type\" content=\"image\/png\" \/>\n<meta name=\"author\" content=\"Secretaria EAPNCV\" \/>\n<meta name=\"twitter:card\" content=\"summary_large_image\" \/>\n<meta name=\"twitter:creator\" content=\"@xarxaeapncv\" \/>\n<meta name=\"twitter:site\" content=\"@xarxaeapncv\" \/>\n<meta name=\"twitter:label1\" content=\"Written by\" \/>\n\t<meta name=\"twitter:data1\" content=\"Secretaria EAPNCV\" \/>\n\t<meta name=\"twitter:label2\" content=\"Est. reading time\" \/>\n\t<meta name=\"twitter:data2\" content=\"4 minutes\" \/>\n<script type=\"application\/ld+json\" class=\"yoast-schema-graph\">{\"@context\":\"https:\/\/schema.org\",\"@graph\":[{\"@type\":\"Article\",\"@id\":\"https:\/\/www.eapncv.org\/ca-val\/sensibilitzacio\/arranca-una-nova-edicio-del-programa-de-sensibilitzacio-per-a-joves-en-marxa-per-la-inclusio-deapn-cv-en-col%c2%b7laboracio-amb-livaj\/#article\",\"isPartOf\":{\"@id\":\"https:\/\/www.eapncv.org\/ca-val\/sensibilitzacio\/arranca-una-nova-edicio-del-programa-de-sensibilitzacio-per-a-joves-en-marxa-per-la-inclusio-deapn-cv-en-col%c2%b7laboracio-amb-livaj\/\"},\"author\":{\"name\":\"Secretaria EAPNCV\",\"@id\":\"https:\/\/www.eapncv.org\/#\/schema\/person\/7aac997d792e1fcb21a035002ed43467\"},\"headline\":\"EAPN CV inicia el curs escolar amb el desenvolupament del seu programa de sensibilitzaci\u00f3 per a joves \u201cEn Marxa per la Inclusi\u00f3\u201d\",\"datePublished\":\"2025-09-12T12:21:25+00:00\",\"dateModified\":\"2025-09-15T10:09:34+00:00\",\"mainEntityOfPage\":{\"@id\":\"https:\/\/www.eapncv.org\/ca-val\/sensibilitzacio\/arranca-una-nova-edicio-del-programa-de-sensibilitzacio-per-a-joves-en-marxa-per-la-inclusio-deapn-cv-en-col%c2%b7laboracio-amb-livaj\/\"},\"wordCount\":713,\"commentCount\":0,\"publisher\":{\"@id\":\"https:\/\/www.eapncv.org\/#organization\"},\"image\":{\"@id\":\"https:\/\/www.eapncv.org\/ca-val\/sensibilitzacio\/arranca-una-nova-edicio-del-programa-de-sensibilitzacio-per-a-joves-en-marxa-per-la-inclusio-deapn-cv-en-col%c2%b7laboracio-amb-livaj\/#primaryimage\"},\"thumbnailUrl\":\"https:\/\/www.eapncv.org\/wp-content\/uploads\/NOTICIAS-WEB-16.png\",\"articleSection\":[\"Sensibilitzaci\u00f3\"],\"inLanguage\":\"ca-val\",\"potentialAction\":[{\"@type\":\"CommentAction\",\"name\":\"Comment\",\"target\":[\"https:\/\/www.eapncv.org\/ca-val\/sensibilitzacio\/arranca-una-nova-edicio-del-programa-de-sensibilitzacio-per-a-joves-en-marxa-per-la-inclusio-deapn-cv-en-col%c2%b7laboracio-amb-livaj\/#respond\"]}]},{\"@type\":\"WebPage\",\"@id\":\"https:\/\/www.eapncv.org\/ca-val\/sensibilitzacio\/arranca-una-nova-edicio-del-programa-de-sensibilitzacio-per-a-joves-en-marxa-per-la-inclusio-deapn-cv-en-col%c2%b7laboracio-amb-livaj\/\",\"url\":\"https:\/\/www.eapncv.org\/ca-val\/sensibilitzacio\/arranca-una-nova-edicio-del-programa-de-sensibilitzacio-per-a-joves-en-marxa-per-la-inclusio-deapn-cv-en-col%c2%b7laboracio-amb-livaj\/\",\"name\":\"EAPN CV inicia el curs escolar amb el desenvolupament del seu programa de sensibilitzaci\u00f3 per a joves \u201cEn Marxa per la Inclusi\u00f3\u201d - EAPN CV\",\"isPartOf\":{\"@id\":\"https:\/\/www.eapncv.org\/#website\"},\"primaryImageOfPage\":{\"@id\":\"https:\/\/www.eapncv.org\/ca-val\/sensibilitzacio\/arranca-una-nova-edicio-del-programa-de-sensibilitzacio-per-a-joves-en-marxa-per-la-inclusio-deapn-cv-en-col%c2%b7laboracio-amb-livaj\/#primaryimage\"},\"image\":{\"@id\":\"https:\/\/www.eapncv.org\/ca-val\/sensibilitzacio\/arranca-una-nova-edicio-del-programa-de-sensibilitzacio-per-a-joves-en-marxa-per-la-inclusio-deapn-cv-en-col%c2%b7laboracio-amb-livaj\/#primaryimage\"},\"thumbnailUrl\":\"https:\/\/www.eapncv.org\/wp-content\/uploads\/NOTICIAS-WEB-16.png\",\"datePublished\":\"2025-09-12T12:21:25+00:00\",\"dateModified\":\"2025-09-15T10:09:34+00:00\",\"breadcrumb\":{\"@id\":\"https:\/\/www.eapncv.org\/ca-val\/sensibilitzacio\/arranca-una-nova-edicio-del-programa-de-sensibilitzacio-per-a-joves-en-marxa-per-la-inclusio-deapn-cv-en-col%c2%b7laboracio-amb-livaj\/#breadcrumb\"},\"inLanguage\":\"ca-val\",\"potentialAction\":[{\"@type\":\"ReadAction\",\"target\":[\"https:\/\/www.eapncv.org\/ca-val\/sensibilitzacio\/arranca-una-nova-edicio-del-programa-de-sensibilitzacio-per-a-joves-en-marxa-per-la-inclusio-deapn-cv-en-col%c2%b7laboracio-amb-livaj\/\"]}]},{\"@type\":\"ImageObject\",\"inLanguage\":\"ca-val\",\"@id\":\"https:\/\/www.eapncv.org\/ca-val\/sensibilitzacio\/arranca-una-nova-edicio-del-programa-de-sensibilitzacio-per-a-joves-en-marxa-per-la-inclusio-deapn-cv-en-col%c2%b7laboracio-amb-livaj\/#primaryimage\",\"url\":\"https:\/\/www.eapncv.org\/wp-content\/uploads\/NOTICIAS-WEB-16.png\",\"contentUrl\":\"https:\/\/www.eapncv.org\/wp-content\/uploads\/NOTICIAS-WEB-16.png\",\"width\":1890,\"height\":1063},{\"@type\":\"BreadcrumbList\",\"@id\":\"https:\/\/www.eapncv.org\/ca-val\/sensibilitzacio\/arranca-una-nova-edicio-del-programa-de-sensibilitzacio-per-a-joves-en-marxa-per-la-inclusio-deapn-cv-en-col%c2%b7laboracio-amb-livaj\/#breadcrumb\",\"itemListElement\":[{\"@type\":\"ListItem\",\"position\":1,\"name\":\"Portada\",\"item\":\"https:\/\/www.eapncv.org\/ca-val\/\"},{\"@type\":\"ListItem\",\"position\":2,\"name\":\"EAPN CV inicia el curs escolar amb el desenvolupament del seu programa de sensibilitzaci\u00f3 per a joves \u201cEn Marxa per la Inclusi\u00f3\u201d\"}]},{\"@type\":\"WebSite\",\"@id\":\"https:\/\/www.eapncv.org\/#website\",\"url\":\"https:\/\/www.eapncv.org\/\",\"name\":\"EAPN CV\",\"description\":\"European Antipoverty Network \/ Xarxa Europea de Lluita contra la Pobresa\",\"publisher\":{\"@id\":\"https:\/\/www.eapncv.org\/#organization\"},\"potentialAction\":[{\"@type\":\"SearchAction\",\"target\":{\"@type\":\"EntryPoint\",\"urlTemplate\":\"https:\/\/www.eapncv.org\/?s={search_term_string}\"},\"query-input\":{\"@type\":\"PropertyValueSpecification\",\"valueRequired\":true,\"valueName\":\"search_term_string\"}}],\"inLanguage\":\"ca-val\"},{\"@type\":\"Organization\",\"@id\":\"https:\/\/www.eapncv.org\/#organization\",\"name\":\"EAPN CV\",\"url\":\"https:\/\/www.eapncv.org\/\",\"logo\":{\"@type\":\"ImageObject\",\"inLanguage\":\"ca-val\",\"@id\":\"https:\/\/www.eapncv.org\/#\/schema\/logo\/image\/\",\"url\":\"https:\/\/www.eapncv.org\/wp-content\/uploads\/2020\/10\/logoeapnOK-2013.jpg\",\"contentUrl\":\"https:\/\/www.eapncv.org\/wp-content\/uploads\/2020\/10\/logoeapnOK-2013.jpg\",\"width\":793,\"height\":287,\"caption\":\"EAPN CV\"},\"image\":{\"@id\":\"https:\/\/www.eapncv.org\/#\/schema\/logo\/image\/\"},\"sameAs\":[\"https:\/\/www.facebook.com\/EAPNCV\",\"https:\/\/x.com\/xarxaeapncv\",\"https:\/\/es.linkedin.com\/company\/eapn-cv\"]},{\"@type\":\"Person\",\"@id\":\"https:\/\/www.eapncv.org\/#\/schema\/person\/7aac997d792e1fcb21a035002ed43467\",\"name\":\"Secretaria EAPNCV\",\"image\":{\"@type\":\"ImageObject\",\"inLanguage\":\"ca-val\",\"@id\":\"https:\/\/www.eapncv.org\/#\/schema\/person\/image\/\",\"url\":\"https:\/\/secure.gravatar.com\/avatar\/aa140272539f20114066596ab3a85989e018d661e62bbdc9bbe371eaf0f1236d?s=96&d=mm&r=g\",\"contentUrl\":\"https:\/\/secure.gravatar.com\/avatar\/aa140272539f20114066596ab3a85989e018d661e62bbdc9bbe371eaf0f1236d?s=96&d=mm&r=g\",\"caption\":\"Secretaria EAPNCV\"},\"url\":\"https:\/\/www.eapncv.org\/ca-val\/author\/s3cr3t4r1a2_e4pncv\/\"}]}<\/script>\n<!-- \/ Yoast SEO Premium plugin. -->","yoast_head_json":{"title":"EAPN CV inicia el curs escolar amb el desenvolupament del seu programa de sensibilitzaci\u00f3 per a joves \u201cEn Marxa per la Inclusi\u00f3\u201d - EAPN CV","robots":{"index":"index","follow":"follow","max-snippet":"max-snippet:-1","max-image-preview":"max-image-preview:large","max-video-preview":"max-video-preview:-1"},"canonical":"https:\/\/www.eapncv.org\/ca-val\/sensibilitzacio\/arranca-una-nova-edicio-del-programa-de-sensibilitzacio-per-a-joves-en-marxa-per-la-inclusio-deapn-cv-en-col\u00b7laboracio-amb-livaj\/","og_locale":"en_US","og_type":"article","og_title":"EAPN CV inicia el curs escolar amb el desenvolupament del seu programa de sensibilitzaci\u00f3 per a joves \u201cEn Marxa per la Inclusi\u00f3\u201d","og_description":"Des d\u2019EAPN CV (European Anti-Poverty Network \u2013 Xarxa europea de lluita contra la pobresa en la Comunitat Valenciana), iniciem el curs amb el desenvolupament del programa EN MARXA PER LA INCLUSI\u00d3: Programa d\u2019educaci\u00f3 per a la inclusi\u00f3, amb la finalitat de transmetre valors solidaris des de la inclusi\u00f3, la diversitat i el voluntariat social durant [&hellip;]","og_url":"https:\/\/www.eapncv.org\/ca-val\/sensibilitzacio\/arranca-una-nova-edicio-del-programa-de-sensibilitzacio-per-a-joves-en-marxa-per-la-inclusio-deapn-cv-en-col\u00b7laboracio-amb-livaj\/","og_site_name":"EAPN CV","article_publisher":"https:\/\/www.facebook.com\/EAPNCV","article_published_time":"2025-09-12T12:21:25+00:00","article_modified_time":"2025-09-15T10:09:34+00:00","og_image":[{"width":1890,"height":1063,"url":"https:\/\/www.eapncv.org\/wp-content\/uploads\/NOTICIAS-WEB-16.png","type":"image\/png"}],"author":"Secretaria EAPNCV","twitter_card":"summary_large_image","twitter_creator":"@xarxaeapncv","twitter_site":"@xarxaeapncv","twitter_misc":{"Written by":"Secretaria EAPNCV","Est. reading time":"4 minutes"},"schema":{"@context":"https:\/\/schema.org","@graph":[{"@type":"Article","@id":"https:\/\/www.eapncv.org\/ca-val\/sensibilitzacio\/arranca-una-nova-edicio-del-programa-de-sensibilitzacio-per-a-joves-en-marxa-per-la-inclusio-deapn-cv-en-col%c2%b7laboracio-amb-livaj\/#article","isPartOf":{"@id":"https:\/\/www.eapncv.org\/ca-val\/sensibilitzacio\/arranca-una-nova-edicio-del-programa-de-sensibilitzacio-per-a-joves-en-marxa-per-la-inclusio-deapn-cv-en-col%c2%b7laboracio-amb-livaj\/"},"author":{"name":"Secretaria EAPNCV","@id":"https:\/\/www.eapncv.org\/#\/schema\/person\/7aac997d792e1fcb21a035002ed43467"},"headline":"EAPN CV inicia el curs escolar amb el desenvolupament del seu programa de sensibilitzaci\u00f3 per a joves \u201cEn Marxa per la Inclusi\u00f3\u201d","datePublished":"2025-09-12T12:21:25+00:00","dateModified":"2025-09-15T10:09:34+00:00","mainEntityOfPage":{"@id":"https:\/\/www.eapncv.org\/ca-val\/sensibilitzacio\/arranca-una-nova-edicio-del-programa-de-sensibilitzacio-per-a-joves-en-marxa-per-la-inclusio-deapn-cv-en-col%c2%b7laboracio-amb-livaj\/"},"wordCount":713,"commentCount":0,"publisher":{"@id":"https:\/\/www.eapncv.org\/#organization"},"image":{"@id":"https:\/\/www.eapncv.org\/ca-val\/sensibilitzacio\/arranca-una-nova-edicio-del-programa-de-sensibilitzacio-per-a-joves-en-marxa-per-la-inclusio-deapn-cv-en-col%c2%b7laboracio-amb-livaj\/#primaryimage"},"thumbnailUrl":"https:\/\/www.eapncv.org\/wp-content\/uploads\/NOTICIAS-WEB-16.png","articleSection":["Sensibilitzaci\u00f3"],"inLanguage":"ca-val","potentialAction":[{"@type":"CommentAction","name":"Comment","target":["https:\/\/www.eapncv.org\/ca-val\/sensibilitzacio\/arranca-una-nova-edicio-del-programa-de-sensibilitzacio-per-a-joves-en-marxa-per-la-inclusio-deapn-cv-en-col%c2%b7laboracio-amb-livaj\/#respond"]}]},{"@type":"WebPage","@id":"https:\/\/www.eapncv.org\/ca-val\/sensibilitzacio\/arranca-una-nova-edicio-del-programa-de-sensibilitzacio-per-a-joves-en-marxa-per-la-inclusio-deapn-cv-en-col%c2%b7laboracio-amb-livaj\/","url":"https:\/\/www.eapncv.org\/ca-val\/sensibilitzacio\/arranca-una-nova-edicio-del-programa-de-sensibilitzacio-per-a-joves-en-marxa-per-la-inclusio-deapn-cv-en-col%c2%b7laboracio-amb-livaj\/","name":"EAPN CV inicia el curs escolar amb el desenvolupament del seu programa de sensibilitzaci\u00f3 per a joves \u201cEn Marxa per la Inclusi\u00f3\u201d - EAPN CV","isPartOf":{"@id":"https:\/\/www.eapncv.org\/#website"},"primaryImageOfPage":{"@id":"https:\/\/www.eapncv.org\/ca-val\/sensibilitzacio\/arranca-una-nova-edicio-del-programa-de-sensibilitzacio-per-a-joves-en-marxa-per-la-inclusio-deapn-cv-en-col%c2%b7laboracio-amb-livaj\/#primaryimage"},"image":{"@id":"https:\/\/www.eapncv.org\/ca-val\/sensibilitzacio\/arranca-una-nova-edicio-del-programa-de-sensibilitzacio-per-a-joves-en-marxa-per-la-inclusio-deapn-cv-en-col%c2%b7laboracio-amb-livaj\/#primaryimage"},"thumbnailUrl":"https:\/\/www.eapncv.org\/wp-content\/uploads\/NOTICIAS-WEB-16.png","datePublished":"2025-09-12T12:21:25+00:00","dateModified":"2025-09-15T10:09:34+00:00","breadcrumb":{"@id":"https:\/\/www.eapncv.org\/ca-val\/sensibilitzacio\/arranca-una-nova-edicio-del-programa-de-sensibilitzacio-per-a-joves-en-marxa-per-la-inclusio-deapn-cv-en-col%c2%b7laboracio-amb-livaj\/#breadcrumb"},"inLanguage":"ca-val","potentialAction":[{"@type":"ReadAction","target":["https:\/\/www.eapncv.org\/ca-val\/sensibilitzacio\/arranca-una-nova-edicio-del-programa-de-sensibilitzacio-per-a-joves-en-marxa-per-la-inclusio-deapn-cv-en-col%c2%b7laboracio-amb-livaj\/"]}]},{"@type":"ImageObject","inLanguage":"ca-val","@id":"https:\/\/www.eapncv.org\/ca-val\/sensibilitzacio\/arranca-una-nova-edicio-del-programa-de-sensibilitzacio-per-a-joves-en-marxa-per-la-inclusio-deapn-cv-en-col%c2%b7laboracio-amb-livaj\/#primaryimage","url":"https:\/\/www.eapncv.org\/wp-content\/uploads\/NOTICIAS-WEB-16.png","contentUrl":"https:\/\/www.eapncv.org\/wp-content\/uploads\/NOTICIAS-WEB-16.png","width":1890,"height":1063},{"@type":"BreadcrumbList","@id":"https:\/\/www.eapncv.org\/ca-val\/sensibilitzacio\/arranca-una-nova-edicio-del-programa-de-sensibilitzacio-per-a-joves-en-marxa-per-la-inclusio-deapn-cv-en-col%c2%b7laboracio-amb-livaj\/#breadcrumb","itemListElement":[{"@type":"ListItem","position":1,"name":"Portada","item":"https:\/\/www.eapncv.org\/ca-val\/"},{"@type":"ListItem","position":2,"name":"EAPN CV inicia el curs escolar amb el desenvolupament del seu programa de sensibilitzaci\u00f3 per a joves \u201cEn Marxa per la Inclusi\u00f3\u201d"}]},{"@type":"WebSite","@id":"https:\/\/www.eapncv.org\/#website","url":"https:\/\/www.eapncv.org\/","name":"EAPN CV","description":"European Antipoverty Network \/ Xarxa Europea de Lluita contra la Pobresa","publisher":{"@id":"https:\/\/www.eapncv.org\/#organization"},"potentialAction":[{"@type":"SearchAction","target":{"@type":"EntryPoint","urlTemplate":"https:\/\/www.eapncv.org\/?s={search_term_string}"},"query-input":{"@type":"PropertyValueSpecification","valueRequired":true,"valueName":"search_term_string"}}],"inLanguage":"ca-val"},{"@type":"Organization","@id":"https:\/\/www.eapncv.org\/#organization","name":"EAPN CV","url":"https:\/\/www.eapncv.org\/","logo":{"@type":"ImageObject","inLanguage":"ca-val","@id":"https:\/\/www.eapncv.org\/#\/schema\/logo\/image\/","url":"https:\/\/www.eapncv.org\/wp-content\/uploads\/2020\/10\/logoeapnOK-2013.jpg","contentUrl":"https:\/\/www.eapncv.org\/wp-content\/uploads\/2020\/10\/logoeapnOK-2013.jpg","width":793,"height":287,"caption":"EAPN CV"},"image":{"@id":"https:\/\/www.eapncv.org\/#\/schema\/logo\/image\/"},"sameAs":["https:\/\/www.facebook.com\/EAPNCV","https:\/\/x.com\/xarxaeapncv","https:\/\/es.linkedin.com\/company\/eapn-cv"]},{"@type":"Person","@id":"https:\/\/www.eapncv.org\/#\/schema\/person\/7aac997d792e1fcb21a035002ed43467","name":"Secretaria EAPNCV","image":{"@type":"ImageObject","inLanguage":"ca-val","@id":"https:\/\/www.eapncv.org\/#\/schema\/person\/image\/","url":"https:\/\/secure.gravatar.com\/avatar\/aa140272539f20114066596ab3a85989e018d661e62bbdc9bbe371eaf0f1236d?s=96&d=mm&r=g","contentUrl":"https:\/\/secure.gravatar.com\/avatar\/aa140272539f20114066596ab3a85989e018d661e62bbdc9bbe371eaf0f1236d?s=96&d=mm&r=g","caption":"Secretaria EAPNCV"},"url":"https:\/\/www.eapncv.org\/ca-val\/author\/s3cr3t4r1a2_e4pncv\/"}]}},"_links":{"self":[{"href":"https:\/\/www.eapncv.org\/ca-val\/wp-json\/wp\/v2\/posts\/17636","targetHints":{"allow":["GET"]}}],"collection":[{"href":"https:\/\/www.eapncv.org\/ca-val\/wp-json\/wp\/v2\/posts"}],"about":[{"href":"https:\/\/www.eapncv.org\/ca-val\/wp-json\/wp\/v2\/types\/post"}],"author":[{"embeddable":true,"href":"https:\/\/www.eapncv.org\/ca-val\/wp-json\/wp\/v2\/users\/11"}],"replies":[{"embeddable":true,"href":"https:\/\/www.eapncv.org\/ca-val\/wp-json\/wp\/v2\/comments?post=17636"}],"version-history":[{"count":3,"href":"https:\/\/www.eapncv.org\/ca-val\/wp-json\/wp\/v2\/posts\/17636\/revisions"}],"predecessor-version":[{"id":17642,"href":"https:\/\/www.eapncv.org\/ca-val\/wp-json\/wp\/v2\/posts\/17636\/revisions\/17642"}],"wp:featuredmedia":[{"embeddable":true,"href":"https:\/\/www.eapncv.org\/ca-val\/wp-json\/wp\/v2\/media\/17634"}],"wp:attachment":[{"href":"https:\/\/www.eapncv.org\/ca-val\/wp-json\/wp\/v2\/media?parent=17636"}],"wp:term":[{"taxonomy":"category","embeddable":true,"href":"https:\/\/www.eapncv.org\/ca-val\/wp-json\/wp\/v2\/categories?post=17636"},{"taxonomy":"post_tag","embeddable":true,"href":"https:\/\/www.eapncv.org\/ca-val\/wp-json\/wp\/v2\/tags?post=17636"}],"curies":[{"name":"wp","href":"https:\/\/api.w.org\/{rel}","templated":true}]}}