{"id":17718,"date":"2025-09-26T13:20:43","date_gmt":"2025-09-26T11:20:43","guid":{"rendered":"https:\/\/www.eapncv.org\/informat\/mes-de-70-persones-participen-en-els-tallers-preparatoris-dels-ii-encontres-provincials-sobre-el-dret-a-lhabitatge\/"},"modified":"2025-09-26T13:20:43","modified_gmt":"2025-09-26T11:20:43","slug":"mes-de-70-persones-participen-en-els-tallers-preparatoris-dels-ii-encontres-provincials-sobre-el-dret-a-lhabitatge","status":"publish","type":"post","link":"https:\/\/www.eapncv.org\/ca-val\/incidencia-ca-val\/mes-de-70-persones-participen-en-els-tallers-preparatoris-dels-ii-encontres-provincials-sobre-el-dret-a-lhabitatge\/","title":{"rendered":"M\u00e9s de 70 persones participen en els tallers preparatoris dels II Encontres Provincials sobre el dret a l\u2019habitatge."},"content":{"rendered":"<p data-start=\"452\" data-end=\"1015\">L\u2019EAPN CV \u2013 Xarxa Europea de Lluita contra la Pobresa a la Comunitat Valenciana ha celebrat aquesta setmana els tres tallers preparatoris que anticipen les <strong data-start=\"553\" data-end=\"663\"><br \/>\n  <a href=\"https:\/\/www.eapncv.org\/ca-val\/incidencia-ca-val\/eapn-cv-posa-en-marxa-les-ii-trobades-provincials-sobre-el-dret-a-lhabitatge\/\">II Trobades Provincials \u201cL\u2019Habitatge \u00e9s un Dret: Cultura i Participaci\u00f3 per a Transformar el Territori<\/a><br \/>\n<\/strong>\u201d, amb la participaci\u00f3 de m\u00e9s de setanta persones entre participants amb experi\u00e8ncia directa, personal t\u00e8cnic i voluntariat de les entitats de la xarxa. <\/p>\n<p data-start=\"1017\" data-end=\"2173\">Aquesta setmana s\u2019han desenvolupat les <strong>sessions territorials<\/strong> a Alacant (22 de setembre, Universitat d\u2019Alacant), a Castell\u00f3 (24 de setembre, Universitat Jaume I) i a Val\u00e8ncia (25 de setembre, Casa Caridad Petxina). A Alacant, la sessi\u00f3 va estar dinamitzada per Mar\u00eda Rosa Meir\u00e1s Iturbe (Provivienda), que va conduir els debats i activitats per a identificar barreres i prioritzar propostes; a Castell\u00f3, el taller va ser facilitat per Ra\u00fcl Beltr\u00e1n Benages, professor de sociologia a la UJI, qui va aportar marcs anal\u00edtics sobre desigualtat habitacional i va coordinar la sistematitzaci\u00f3 de les aportacions; i a Val\u00e8ncia, Nacho Collado i Adelina Cabrera (advocades de la cooperativa El Rogle) van conduir les din\u00e0miques formatives i jur\u00eddiques que van permetre a les persones participants reflexionar sobre drets, procediments i alternatives possibles. <strong>Agra\u00efm de manera molt especial a les entitats que han cedit els espais<\/strong> \u2014Universitat d\u2019Alacant, Universitat Jaume I i Casa Caridad Petxina\u2014 i valorem enormement la participaci\u00f3 <strong>i professionalitat de les persones dinamitzadores<\/strong>, la implicaci\u00f3 de les quals ha sigut clau per a garantir processos segurs, participatius i productius.  <\/p>\n<p data-start=\"2175\" data-end=\"2851\">A partir de les aportacions col\u00b7lectives, s\u2019han identificat problemes persistents i compartits: preus de lloguer inassumibles en relaci\u00f3 amb els salaris reals; insufici\u00e8ncia d\u2019habitatge p\u00fablic i social; condicions prec\u00e0ries en els lloguers per habitacions; dificultats administratives, com l\u2019empadronament, que obstaculitzen l\u2019acc\u00e9s als drets; pr\u00e0ctiques abusives en el mercat del lloguer; i l\u2019efecte desestabilitzador del lloguer tur\u00edstic sobre la disponibilitat i l\u2019estabilitat residencial. Aquestes q\u00fcestions, <strong>juntament amb les prioritats i propostes d\u2019incid\u00e8ncia pr\u00e0ctica, es recullen i es desenvolupen en els documents de propostes elaborats per prov\u00edncia.<\/strong> <\/p>\n<p data-start=\"2853\" data-end=\"3473\">Les <strong>propostes consensuades apunten a mesures concretes d\u2019incid\u00e8ncia pol\u00edtica i t\u00e8cnica:<\/strong> mobilitzar el parc d\u2019habitatge buit cap a usos socials; incrementar el parc d\u2019habitatge p\u00fablic; refor\u00e7ar els controls i la inspecci\u00f3 sobre les pr\u00e0ctiques abusives; crear espais p\u00fablics i accessibles de mediaci\u00f3 i informaci\u00f3; garantir i facilitar l\u2019empadronament; impulsar models d\u2019habitatge col\u00b7laboratiu i comunitari; i explorar instruments de regulaci\u00f3 del lloguer en els \u00e0mbits competencials pertinents. Els documents resultants inclouen tant el diagn\u00f2stic com les recomanacions operatives i les vies d\u2019articulaci\u00f3 entre administracions, serveis t\u00e8cnics i entitats socials. <\/p>\n<p data-start=\"3805\" data-end=\"4295\">Recordem que les <a href=\"https:\/\/www.eapncv.org\/ca-val\/incidencia-ca-val\/eapn-cv-posa-en-marxa-les-ii-trobades-provincials-sobre-el-dret-a-lhabitatge\/\">Trobades Provincials<\/a> se celebren la pr\u00f2xima setmana en les seus previstes: Val\u00e8ncia (30 de setembre \u2014 Centre del Carme Cultura Contempor\u00e0nia), Alacant (1 d\u2019octubre \u2014 Museu Arqueol\u00f2gic Provincial MARQ) i Castell\u00f3 (3 d\u2019octubre \u2014 Planetari de Castell\u00f3). Si encara no t\u2019has inscrit, pots fer-ho al formulari d\u2019inscripcions: <br data-start=\"4160\" data-end=\"4163\"><a class=\"decorated-link\" href=\"https:\/\/forms.office.com\/Pages\/ResponsePage.aspx?id=eoPnFLfiEked1u8zkFHZTGK6UTuAxtRMuV3pnRh5uWZUM05WRElaVk9JNFoySzlONDE0REtXUUpUTy4u\" target=\"_new\" rel=\"noopener\" data-start=\"4163\" data-end=\"4295\">https:\/\/forms.office.com\/Pages\/ResponsePage.aspx?id=eoPnFLfiEked1u8zkFHZTGK6UTuAxtRMuV3pnRh5uWZUM05WRElaVk9JNFoySzlONDE0REtXUUpUTy4u<\/a><\/p>\n<p data-start=\"4297\" data-end=\"4796\">Agra\u00efm sincerament la implicaci\u00f3 de totes les persones participants, de les entitats de la xarxa i de les institucions col\u00b7laboradores. El treball realitzat en aquests tallers demostra com la combinaci\u00f3 d\u2019experi\u00e8ncies viscudes i saber t\u00e8cnic permet transformar problemes quotidians en propostes viables de pol\u00edtica p\u00fablica. El di\u00e0leg que s\u2019obrir\u00e0 en les trobades Provincials ser\u00e0 clau per a avan\u00e7ar cap a compromisos que milloren l\u2019acc\u00e9s i la perman\u00e8ncia en un habitatge digne.  <\/p>\n<p data-start=\"4798\" data-end=\"5292\">*Aquests tallers s\u2019emmarquen en programes subvencionats per la Vicepresid\u00e8ncia Primera i la Conselleria de Serveis Socials, Igualtat i Habitatge: el taller de Castell\u00f3 i el de Val\u00e8ncia formen part del programa IRPF II \u201cINTERVENCI\u00d3 EN XARXA PER A LA INCLUSI\u00d3 ACTIVA: COMBATRE LA POBRESA AMB LA PARTICIPACI\u00d3 DE LES PERSONES EN RISC\u201d, i el taller d\u2019Alacant s\u2019integra en el programa d\u2019acci\u00f3 comunit\u00e0ria \u201cEAPN CV: Participaci\u00f3 en xarxa per a la inclusi\u00f3 social i el desenvolupament comunitari.\u201d<\/p>\n","protected":false},"excerpt":{"rendered":"<p>L\u2019EAPN CV \u2013 Xarxa Europea de Lluita contra la Pobresa a la Comunitat Valenciana ha celebrat aquesta setmana els tres tallers preparatoris que anticipen les II Trobades Provincials \u201cL\u2019Habitatge \u00e9s un Dret: Cultura i Participaci\u00f3 per a Transformar el Territori \u201d, amb la participaci\u00f3 de m\u00e9s de setanta persones entre participants amb experi\u00e8ncia directa, personal [&hellip;]<\/p>\n","protected":false},"author":11,"featured_media":17711,"comment_status":"open","ping_status":"closed","sticky":false,"template":"","format":"standard","meta":{"_acf_changed":false,"_et_pb_use_builder":"","_et_pb_old_content":"","_et_gb_content_width":"","footnotes":""},"categories":[81,86],"tags":[],"class_list":["post-17718","post","type-post","status-publish","format-standard","has-post-thumbnail","hentry","category-incidencia-ca-val","category-participacio"],"acf":[],"yoast_head":"<!-- This site is optimized with the Yoast SEO Premium plugin v24.5 (Yoast SEO v27.0) - https:\/\/yoast.com\/product\/yoast-seo-premium-wordpress\/ -->\n<title>M\u00e9s de 70 persones participen en els tallers preparatoris dels II Encontres Provincials sobre el dret a l\u2019habitatge. - EAPN CV<\/title>\n<meta name=\"robots\" content=\"index, follow, max-snippet:-1, max-image-preview:large, max-video-preview:-1\" \/>\n<link rel=\"canonical\" href=\"https:\/\/www.eapncv.org\/ca-val\/incidencia-ca-val\/mes-de-70-persones-participen-en-els-tallers-preparatoris-dels-ii-encontres-provincials-sobre-el-dret-a-lhabitatge\/\" \/>\n<meta property=\"og:locale\" content=\"en_US\" \/>\n<meta property=\"og:type\" content=\"article\" \/>\n<meta property=\"og:title\" content=\"M\u00e9s de 70 persones participen en els tallers preparatoris dels II Encontres Provincials sobre el dret a l\u2019habitatge.\" \/>\n<meta property=\"og:description\" content=\"L\u2019EAPN CV \u2013 Xarxa Europea de Lluita contra la Pobresa a la Comunitat Valenciana ha celebrat aquesta setmana els tres tallers preparatoris que anticipen les II Trobades Provincials \u201cL\u2019Habitatge \u00e9s un Dret: Cultura i Participaci\u00f3 per a Transformar el Territori \u201d, amb la participaci\u00f3 de m\u00e9s de setanta persones entre participants amb experi\u00e8ncia directa, personal [&hellip;]\" \/>\n<meta property=\"og:url\" content=\"https:\/\/www.eapncv.org\/ca-val\/incidencia-ca-val\/mes-de-70-persones-participen-en-els-tallers-preparatoris-dels-ii-encontres-provincials-sobre-el-dret-a-lhabitatge\/\" \/>\n<meta property=\"og:site_name\" content=\"EAPN CV\" \/>\n<meta property=\"article:publisher\" content=\"https:\/\/www.facebook.com\/EAPNCV\" \/>\n<meta property=\"article:published_time\" content=\"2025-09-26T11:20:43+00:00\" \/>\n<meta property=\"og:image\" content=\"https:\/\/www.eapncv.org\/wp-content\/uploads\/NOTICIAS-WEB-17.png\" \/>\n\t<meta property=\"og:image:width\" content=\"1890\" \/>\n\t<meta property=\"og:image:height\" content=\"1063\" \/>\n\t<meta property=\"og:image:type\" content=\"image\/png\" \/>\n<meta name=\"author\" content=\"Secretaria EAPNCV\" \/>\n<meta name=\"twitter:card\" content=\"summary_large_image\" \/>\n<meta name=\"twitter:creator\" content=\"@xarxaeapncv\" \/>\n<meta name=\"twitter:site\" content=\"@xarxaeapncv\" \/>\n<meta name=\"twitter:label1\" content=\"Written by\" \/>\n\t<meta name=\"twitter:data1\" content=\"Secretaria EAPNCV\" \/>\n\t<meta name=\"twitter:label2\" content=\"Est. reading time\" \/>\n\t<meta name=\"twitter:data2\" content=\"3 minutes\" \/>\n<script type=\"application\/ld+json\" class=\"yoast-schema-graph\">{\"@context\":\"https:\/\/schema.org\",\"@graph\":[{\"@type\":\"Article\",\"@id\":\"https:\/\/www.eapncv.org\/ca-val\/incidencia-ca-val\/mes-de-70-persones-participen-en-els-tallers-preparatoris-dels-ii-encontres-provincials-sobre-el-dret-a-lhabitatge\/#article\",\"isPartOf\":{\"@id\":\"https:\/\/www.eapncv.org\/ca-val\/incidencia-ca-val\/mes-de-70-persones-participen-en-els-tallers-preparatoris-dels-ii-encontres-provincials-sobre-el-dret-a-lhabitatge\/\"},\"author\":{\"name\":\"Secretaria EAPNCV\",\"@id\":\"https:\/\/www.eapncv.org\/#\/schema\/person\/7aac997d792e1fcb21a035002ed43467\"},\"headline\":\"M\u00e9s de 70 persones participen en els tallers preparatoris dels II Encontres Provincials sobre el dret a l\u2019habitatge.\",\"datePublished\":\"2025-09-26T11:20:43+00:00\",\"mainEntityOfPage\":{\"@id\":\"https:\/\/www.eapncv.org\/ca-val\/incidencia-ca-val\/mes-de-70-persones-participen-en-els-tallers-preparatoris-dels-ii-encontres-provincials-sobre-el-dret-a-lhabitatge\/\"},\"wordCount\":715,\"commentCount\":0,\"publisher\":{\"@id\":\"https:\/\/www.eapncv.org\/#organization\"},\"image\":{\"@id\":\"https:\/\/www.eapncv.org\/ca-val\/incidencia-ca-val\/mes-de-70-persones-participen-en-els-tallers-preparatoris-dels-ii-encontres-provincials-sobre-el-dret-a-lhabitatge\/#primaryimage\"},\"thumbnailUrl\":\"https:\/\/www.eapncv.org\/wp-content\/uploads\/NOTICIAS-WEB-17.png\",\"articleSection\":[\"Incid\u00e8ncia\",\"Participaci\u00f3\"],\"inLanguage\":\"ca-val\",\"potentialAction\":[{\"@type\":\"CommentAction\",\"name\":\"Comment\",\"target\":[\"https:\/\/www.eapncv.org\/ca-val\/incidencia-ca-val\/mes-de-70-persones-participen-en-els-tallers-preparatoris-dels-ii-encontres-provincials-sobre-el-dret-a-lhabitatge\/#respond\"]}]},{\"@type\":\"WebPage\",\"@id\":\"https:\/\/www.eapncv.org\/ca-val\/incidencia-ca-val\/mes-de-70-persones-participen-en-els-tallers-preparatoris-dels-ii-encontres-provincials-sobre-el-dret-a-lhabitatge\/\",\"url\":\"https:\/\/www.eapncv.org\/ca-val\/incidencia-ca-val\/mes-de-70-persones-participen-en-els-tallers-preparatoris-dels-ii-encontres-provincials-sobre-el-dret-a-lhabitatge\/\",\"name\":\"M\u00e9s de 70 persones participen en els tallers preparatoris dels II Encontres Provincials sobre el dret a l\u2019habitatge. - EAPN CV\",\"isPartOf\":{\"@id\":\"https:\/\/www.eapncv.org\/#website\"},\"primaryImageOfPage\":{\"@id\":\"https:\/\/www.eapncv.org\/ca-val\/incidencia-ca-val\/mes-de-70-persones-participen-en-els-tallers-preparatoris-dels-ii-encontres-provincials-sobre-el-dret-a-lhabitatge\/#primaryimage\"},\"image\":{\"@id\":\"https:\/\/www.eapncv.org\/ca-val\/incidencia-ca-val\/mes-de-70-persones-participen-en-els-tallers-preparatoris-dels-ii-encontres-provincials-sobre-el-dret-a-lhabitatge\/#primaryimage\"},\"thumbnailUrl\":\"https:\/\/www.eapncv.org\/wp-content\/uploads\/NOTICIAS-WEB-17.png\",\"datePublished\":\"2025-09-26T11:20:43+00:00\",\"breadcrumb\":{\"@id\":\"https:\/\/www.eapncv.org\/ca-val\/incidencia-ca-val\/mes-de-70-persones-participen-en-els-tallers-preparatoris-dels-ii-encontres-provincials-sobre-el-dret-a-lhabitatge\/#breadcrumb\"},\"inLanguage\":\"ca-val\",\"potentialAction\":[{\"@type\":\"ReadAction\",\"target\":[\"https:\/\/www.eapncv.org\/ca-val\/incidencia-ca-val\/mes-de-70-persones-participen-en-els-tallers-preparatoris-dels-ii-encontres-provincials-sobre-el-dret-a-lhabitatge\/\"]}]},{\"@type\":\"ImageObject\",\"inLanguage\":\"ca-val\",\"@id\":\"https:\/\/www.eapncv.org\/ca-val\/incidencia-ca-val\/mes-de-70-persones-participen-en-els-tallers-preparatoris-dels-ii-encontres-provincials-sobre-el-dret-a-lhabitatge\/#primaryimage\",\"url\":\"https:\/\/www.eapncv.org\/wp-content\/uploads\/NOTICIAS-WEB-17.png\",\"contentUrl\":\"https:\/\/www.eapncv.org\/wp-content\/uploads\/NOTICIAS-WEB-17.png\",\"width\":1890,\"height\":1063},{\"@type\":\"BreadcrumbList\",\"@id\":\"https:\/\/www.eapncv.org\/ca-val\/incidencia-ca-val\/mes-de-70-persones-participen-en-els-tallers-preparatoris-dels-ii-encontres-provincials-sobre-el-dret-a-lhabitatge\/#breadcrumb\",\"itemListElement\":[{\"@type\":\"ListItem\",\"position\":1,\"name\":\"Portada\",\"item\":\"https:\/\/www.eapncv.org\/ca-val\/\"},{\"@type\":\"ListItem\",\"position\":2,\"name\":\"M\u00e9s de 70 persones participen en els tallers preparatoris dels II Encontres Provincials sobre el dret a l\u2019habitatge.\"}]},{\"@type\":\"WebSite\",\"@id\":\"https:\/\/www.eapncv.org\/#website\",\"url\":\"https:\/\/www.eapncv.org\/\",\"name\":\"EAPN CV\",\"description\":\"European Antipoverty Network \/ Xarxa Europea de Lluita contra la Pobresa\",\"publisher\":{\"@id\":\"https:\/\/www.eapncv.org\/#organization\"},\"potentialAction\":[{\"@type\":\"SearchAction\",\"target\":{\"@type\":\"EntryPoint\",\"urlTemplate\":\"https:\/\/www.eapncv.org\/?s={search_term_string}\"},\"query-input\":{\"@type\":\"PropertyValueSpecification\",\"valueRequired\":true,\"valueName\":\"search_term_string\"}}],\"inLanguage\":\"ca-val\"},{\"@type\":\"Organization\",\"@id\":\"https:\/\/www.eapncv.org\/#organization\",\"name\":\"EAPN CV\",\"url\":\"https:\/\/www.eapncv.org\/\",\"logo\":{\"@type\":\"ImageObject\",\"inLanguage\":\"ca-val\",\"@id\":\"https:\/\/www.eapncv.org\/#\/schema\/logo\/image\/\",\"url\":\"https:\/\/www.eapncv.org\/wp-content\/uploads\/2020\/10\/logoeapnOK-2013.jpg\",\"contentUrl\":\"https:\/\/www.eapncv.org\/wp-content\/uploads\/2020\/10\/logoeapnOK-2013.jpg\",\"width\":793,\"height\":287,\"caption\":\"EAPN CV\"},\"image\":{\"@id\":\"https:\/\/www.eapncv.org\/#\/schema\/logo\/image\/\"},\"sameAs\":[\"https:\/\/www.facebook.com\/EAPNCV\",\"https:\/\/x.com\/xarxaeapncv\",\"https:\/\/es.linkedin.com\/company\/eapn-cv\"]},{\"@type\":\"Person\",\"@id\":\"https:\/\/www.eapncv.org\/#\/schema\/person\/7aac997d792e1fcb21a035002ed43467\",\"name\":\"Secretaria EAPNCV\",\"image\":{\"@type\":\"ImageObject\",\"inLanguage\":\"ca-val\",\"@id\":\"https:\/\/www.eapncv.org\/#\/schema\/person\/image\/\",\"url\":\"https:\/\/secure.gravatar.com\/avatar\/aa140272539f20114066596ab3a85989e018d661e62bbdc9bbe371eaf0f1236d?s=96&d=mm&r=g\",\"contentUrl\":\"https:\/\/secure.gravatar.com\/avatar\/aa140272539f20114066596ab3a85989e018d661e62bbdc9bbe371eaf0f1236d?s=96&d=mm&r=g\",\"caption\":\"Secretaria EAPNCV\"},\"url\":\"https:\/\/www.eapncv.org\/ca-val\/author\/s3cr3t4r1a2_e4pncv\/\"}]}<\/script>\n<!-- \/ Yoast SEO Premium plugin. -->","yoast_head_json":{"title":"M\u00e9s de 70 persones participen en els tallers preparatoris dels II Encontres Provincials sobre el dret a l\u2019habitatge. - EAPN CV","robots":{"index":"index","follow":"follow","max-snippet":"max-snippet:-1","max-image-preview":"max-image-preview:large","max-video-preview":"max-video-preview:-1"},"canonical":"https:\/\/www.eapncv.org\/ca-val\/incidencia-ca-val\/mes-de-70-persones-participen-en-els-tallers-preparatoris-dels-ii-encontres-provincials-sobre-el-dret-a-lhabitatge\/","og_locale":"en_US","og_type":"article","og_title":"M\u00e9s de 70 persones participen en els tallers preparatoris dels II Encontres Provincials sobre el dret a l\u2019habitatge.","og_description":"L\u2019EAPN CV \u2013 Xarxa Europea de Lluita contra la Pobresa a la Comunitat Valenciana ha celebrat aquesta setmana els tres tallers preparatoris que anticipen les II Trobades Provincials \u201cL\u2019Habitatge \u00e9s un Dret: Cultura i Participaci\u00f3 per a Transformar el Territori \u201d, amb la participaci\u00f3 de m\u00e9s de setanta persones entre participants amb experi\u00e8ncia directa, personal [&hellip;]","og_url":"https:\/\/www.eapncv.org\/ca-val\/incidencia-ca-val\/mes-de-70-persones-participen-en-els-tallers-preparatoris-dels-ii-encontres-provincials-sobre-el-dret-a-lhabitatge\/","og_site_name":"EAPN CV","article_publisher":"https:\/\/www.facebook.com\/EAPNCV","article_published_time":"2025-09-26T11:20:43+00:00","og_image":[{"width":1890,"height":1063,"url":"https:\/\/www.eapncv.org\/wp-content\/uploads\/NOTICIAS-WEB-17.png","type":"image\/png"}],"author":"Secretaria EAPNCV","twitter_card":"summary_large_image","twitter_creator":"@xarxaeapncv","twitter_site":"@xarxaeapncv","twitter_misc":{"Written by":"Secretaria EAPNCV","Est. reading time":"3 minutes"},"schema":{"@context":"https:\/\/schema.org","@graph":[{"@type":"Article","@id":"https:\/\/www.eapncv.org\/ca-val\/incidencia-ca-val\/mes-de-70-persones-participen-en-els-tallers-preparatoris-dels-ii-encontres-provincials-sobre-el-dret-a-lhabitatge\/#article","isPartOf":{"@id":"https:\/\/www.eapncv.org\/ca-val\/incidencia-ca-val\/mes-de-70-persones-participen-en-els-tallers-preparatoris-dels-ii-encontres-provincials-sobre-el-dret-a-lhabitatge\/"},"author":{"name":"Secretaria EAPNCV","@id":"https:\/\/www.eapncv.org\/#\/schema\/person\/7aac997d792e1fcb21a035002ed43467"},"headline":"M\u00e9s de 70 persones participen en els tallers preparatoris dels II Encontres Provincials sobre el dret a l\u2019habitatge.","datePublished":"2025-09-26T11:20:43+00:00","mainEntityOfPage":{"@id":"https:\/\/www.eapncv.org\/ca-val\/incidencia-ca-val\/mes-de-70-persones-participen-en-els-tallers-preparatoris-dels-ii-encontres-provincials-sobre-el-dret-a-lhabitatge\/"},"wordCount":715,"commentCount":0,"publisher":{"@id":"https:\/\/www.eapncv.org\/#organization"},"image":{"@id":"https:\/\/www.eapncv.org\/ca-val\/incidencia-ca-val\/mes-de-70-persones-participen-en-els-tallers-preparatoris-dels-ii-encontres-provincials-sobre-el-dret-a-lhabitatge\/#primaryimage"},"thumbnailUrl":"https:\/\/www.eapncv.org\/wp-content\/uploads\/NOTICIAS-WEB-17.png","articleSection":["Incid\u00e8ncia","Participaci\u00f3"],"inLanguage":"ca-val","potentialAction":[{"@type":"CommentAction","name":"Comment","target":["https:\/\/www.eapncv.org\/ca-val\/incidencia-ca-val\/mes-de-70-persones-participen-en-els-tallers-preparatoris-dels-ii-encontres-provincials-sobre-el-dret-a-lhabitatge\/#respond"]}]},{"@type":"WebPage","@id":"https:\/\/www.eapncv.org\/ca-val\/incidencia-ca-val\/mes-de-70-persones-participen-en-els-tallers-preparatoris-dels-ii-encontres-provincials-sobre-el-dret-a-lhabitatge\/","url":"https:\/\/www.eapncv.org\/ca-val\/incidencia-ca-val\/mes-de-70-persones-participen-en-els-tallers-preparatoris-dels-ii-encontres-provincials-sobre-el-dret-a-lhabitatge\/","name":"M\u00e9s de 70 persones participen en els tallers preparatoris dels II Encontres Provincials sobre el dret a l\u2019habitatge. - EAPN CV","isPartOf":{"@id":"https:\/\/www.eapncv.org\/#website"},"primaryImageOfPage":{"@id":"https:\/\/www.eapncv.org\/ca-val\/incidencia-ca-val\/mes-de-70-persones-participen-en-els-tallers-preparatoris-dels-ii-encontres-provincials-sobre-el-dret-a-lhabitatge\/#primaryimage"},"image":{"@id":"https:\/\/www.eapncv.org\/ca-val\/incidencia-ca-val\/mes-de-70-persones-participen-en-els-tallers-preparatoris-dels-ii-encontres-provincials-sobre-el-dret-a-lhabitatge\/#primaryimage"},"thumbnailUrl":"https:\/\/www.eapncv.org\/wp-content\/uploads\/NOTICIAS-WEB-17.png","datePublished":"2025-09-26T11:20:43+00:00","breadcrumb":{"@id":"https:\/\/www.eapncv.org\/ca-val\/incidencia-ca-val\/mes-de-70-persones-participen-en-els-tallers-preparatoris-dels-ii-encontres-provincials-sobre-el-dret-a-lhabitatge\/#breadcrumb"},"inLanguage":"ca-val","potentialAction":[{"@type":"ReadAction","target":["https:\/\/www.eapncv.org\/ca-val\/incidencia-ca-val\/mes-de-70-persones-participen-en-els-tallers-preparatoris-dels-ii-encontres-provincials-sobre-el-dret-a-lhabitatge\/"]}]},{"@type":"ImageObject","inLanguage":"ca-val","@id":"https:\/\/www.eapncv.org\/ca-val\/incidencia-ca-val\/mes-de-70-persones-participen-en-els-tallers-preparatoris-dels-ii-encontres-provincials-sobre-el-dret-a-lhabitatge\/#primaryimage","url":"https:\/\/www.eapncv.org\/wp-content\/uploads\/NOTICIAS-WEB-17.png","contentUrl":"https:\/\/www.eapncv.org\/wp-content\/uploads\/NOTICIAS-WEB-17.png","width":1890,"height":1063},{"@type":"BreadcrumbList","@id":"https:\/\/www.eapncv.org\/ca-val\/incidencia-ca-val\/mes-de-70-persones-participen-en-els-tallers-preparatoris-dels-ii-encontres-provincials-sobre-el-dret-a-lhabitatge\/#breadcrumb","itemListElement":[{"@type":"ListItem","position":1,"name":"Portada","item":"https:\/\/www.eapncv.org\/ca-val\/"},{"@type":"ListItem","position":2,"name":"M\u00e9s de 70 persones participen en els tallers preparatoris dels II Encontres Provincials sobre el dret a l\u2019habitatge."}]},{"@type":"WebSite","@id":"https:\/\/www.eapncv.org\/#website","url":"https:\/\/www.eapncv.org\/","name":"EAPN CV","description":"European Antipoverty Network \/ Xarxa Europea de Lluita contra la Pobresa","publisher":{"@id":"https:\/\/www.eapncv.org\/#organization"},"potentialAction":[{"@type":"SearchAction","target":{"@type":"EntryPoint","urlTemplate":"https:\/\/www.eapncv.org\/?s={search_term_string}"},"query-input":{"@type":"PropertyValueSpecification","valueRequired":true,"valueName":"search_term_string"}}],"inLanguage":"ca-val"},{"@type":"Organization","@id":"https:\/\/www.eapncv.org\/#organization","name":"EAPN CV","url":"https:\/\/www.eapncv.org\/","logo":{"@type":"ImageObject","inLanguage":"ca-val","@id":"https:\/\/www.eapncv.org\/#\/schema\/logo\/image\/","url":"https:\/\/www.eapncv.org\/wp-content\/uploads\/2020\/10\/logoeapnOK-2013.jpg","contentUrl":"https:\/\/www.eapncv.org\/wp-content\/uploads\/2020\/10\/logoeapnOK-2013.jpg","width":793,"height":287,"caption":"EAPN CV"},"image":{"@id":"https:\/\/www.eapncv.org\/#\/schema\/logo\/image\/"},"sameAs":["https:\/\/www.facebook.com\/EAPNCV","https:\/\/x.com\/xarxaeapncv","https:\/\/es.linkedin.com\/company\/eapn-cv"]},{"@type":"Person","@id":"https:\/\/www.eapncv.org\/#\/schema\/person\/7aac997d792e1fcb21a035002ed43467","name":"Secretaria EAPNCV","image":{"@type":"ImageObject","inLanguage":"ca-val","@id":"https:\/\/www.eapncv.org\/#\/schema\/person\/image\/","url":"https:\/\/secure.gravatar.com\/avatar\/aa140272539f20114066596ab3a85989e018d661e62bbdc9bbe371eaf0f1236d?s=96&d=mm&r=g","contentUrl":"https:\/\/secure.gravatar.com\/avatar\/aa140272539f20114066596ab3a85989e018d661e62bbdc9bbe371eaf0f1236d?s=96&d=mm&r=g","caption":"Secretaria EAPNCV"},"url":"https:\/\/www.eapncv.org\/ca-val\/author\/s3cr3t4r1a2_e4pncv\/"}]}},"_links":{"self":[{"href":"https:\/\/www.eapncv.org\/ca-val\/wp-json\/wp\/v2\/posts\/17718","targetHints":{"allow":["GET"]}}],"collection":[{"href":"https:\/\/www.eapncv.org\/ca-val\/wp-json\/wp\/v2\/posts"}],"about":[{"href":"https:\/\/www.eapncv.org\/ca-val\/wp-json\/wp\/v2\/types\/post"}],"author":[{"embeddable":true,"href":"https:\/\/www.eapncv.org\/ca-val\/wp-json\/wp\/v2\/users\/11"}],"replies":[{"embeddable":true,"href":"https:\/\/www.eapncv.org\/ca-val\/wp-json\/wp\/v2\/comments?post=17718"}],"version-history":[{"count":0,"href":"https:\/\/www.eapncv.org\/ca-val\/wp-json\/wp\/v2\/posts\/17718\/revisions"}],"wp:featuredmedia":[{"embeddable":true,"href":"https:\/\/www.eapncv.org\/ca-val\/wp-json\/wp\/v2\/media\/17711"}],"wp:attachment":[{"href":"https:\/\/www.eapncv.org\/ca-val\/wp-json\/wp\/v2\/media?parent=17718"}],"wp:term":[{"taxonomy":"category","embeddable":true,"href":"https:\/\/www.eapncv.org\/ca-val\/wp-json\/wp\/v2\/categories?post=17718"},{"taxonomy":"post_tag","embeddable":true,"href":"https:\/\/www.eapncv.org\/ca-val\/wp-json\/wp\/v2\/tags?post=17718"}],"curies":[{"name":"wp","href":"https:\/\/api.w.org\/{rel}","templated":true}]}}